{"id":92682,"date":"2016-10-26T09:45:38","date_gmt":"2016-10-26T06:45:38","guid":{"rendered":"http:\/\/www.sana.sy\/tr\/?p=92682"},"modified":"2016-10-28T15:37:42","modified_gmt":"2016-10-28T13:37:42","slug":"sivillerin-tahliyesini-baltaliyor","status":"publish","type":"post","link":"https:\/\/archive.sana.sy\/tr\/?p=92682","title":{"rendered":"Sivillerin Tahliyesini Baltal\u0131yor"},"content":{"rendered":"<p>TAHRAN \u2013 \u0130ran Savunma Bakan\u0131 H\u00fczeyin Dehkan b\u00f6lgede ter\u00f6r olgusunu koruma, yayma ve peki\u015ftirmeden amac\u0131n, \u0130srail&#8217;i korumak ve b\u00f6lge istikrar\u0131n\u0131 baltalamak oldu\u011funu belirtti.<\/p>\n<p>\u0130ran Stratejik Savunma Diplomasisi Komitesinin toplant\u0131s\u0131nda konu\u015fan Dehkan; Suriye ve Irak\u2019\u0131n maruz kald\u0131klar\u0131 sava\u015fa \u0131\u015f\u0131k tutarken, ABD ve m\u00fcttefiklerinin tutumlar\u0131n\u0131 ele\u015ftirdi. Dehkan ABD ve m\u00fcttefiklerinin insan haklar\u0131 ve sivillerin korunmas\u0131 gibi konularda propaganda yaparken bir\u00e7ok b\u00f6lgede sivillerin tahliye edilmesi \u00e7abalar\u0131n\u0131 baltalad\u0131klar\u0131na vurgu yapt\u0131. ABD ve m\u00fcttefiklerinin Nusra Cephesi ve destekledikleri di\u011fer ter\u00f6r \u00f6rg\u00fctlerin masum sivil insanlar\u0131 canl\u0131 kalkan olarak kullanmalar\u0131 y\u00f6nlendirmelerinde bulunduklar\u0131n\u0131 belirten Dehkan, ter\u00f6ristleri korumak i\u00e7in Suriye ordusunun ter\u00f6rle m\u00fccadele \u00e7abalar\u0131n\u0131 da sabote etmeye \u00e7al\u0131\u015ft\u0131\u011f\u0131n\u0131n alt\u0131n\u0131 \u00e7izdi.<\/p>\n<p>\u0130ran Savunma Bakan\u0131 Dehkan ter\u00f6re kar\u015f\u0131 zaferin her yakla\u015fmas\u0131yla ABD ve m\u00fcttefiklerinin destekledikleri ter\u00f6ristleri korumak i\u00e7in \u00e7at\u0131\u015fmalar\u0131 durdurma yada daha ba\u015fka aldat\u0131c\u0131 giri\u015fimlerde bulunduklar\u0131na dikkat \u00e7ekti. Dehkan bu giri\u015fimleri de radikal ter\u00f6ristlerin daha \u00e7ok silahlanmalar\u0131 ve g\u00fc\u00e7lenmeleri i\u00e7in \u00e7aba harcad\u0131klar\u0131n\u0131 kaydetti.<\/p>\n","protected":false},"excerpt":{"rendered":"<p>TAHRAN \u2013 \u0130ran Savunma Bakan\u0131 H\u00fczeyin Dehkan b\u00f6lgede ter\u00f6r olgusunu koruma, yayma ve peki\u015ftirmeden amac\u0131n, \u0130srail&#8217;i korumak ve b\u00f6lge istikrar\u0131n\u0131 baltalamak oldu\u011funu belirtti. \u0130ran Stratejik Savunma Diplomasisi Komitesinin toplant\u0131s\u0131nda konu\u015fan Dehkan; Suriye ve Irak\u2019\u0131n maruz kald\u0131klar\u0131 sava\u015fa \u0131\u015f\u0131k tutarken, ABD ve m\u00fcttefiklerinin tutumlar\u0131n\u0131 ele\u015ftirdi. Dehkan ABD ve m\u00fcttefiklerinin insan haklar\u0131 ve sivillerin korunmas\u0131 gibi konularda &hellip;<\/p>\n","protected":false},"author":1,"featured_media":92685,"comment_status":"closed","ping_status":"closed","sticky":false,"template":"","format":"standard","meta":{"footnotes":""},"categories":[458,459,17988],"tags":[23906,23905,24900],"class_list":["post-92682","post","type-post","status-publish","format-standard","has-post-thumbnail","","category-dunya1","category-haberler-arap-uluslararasi-politika","category-son-haberler","tag-huseyin-dehkan","tag-iran-savunma-bakani","tag-sivillerin-tahliyesini-baltaliyor"],"_links":{"self":[{"href":"https:\/\/archive.sana.sy\/tr\/index.php?rest_route=\/wp\/v2\/posts\/92682","targetHints":{"allow":["GET"]}}],"collection":[{"href":"https:\/\/archive.sana.sy\/tr\/index.php?rest_route=\/wp\/v2\/posts"}],"about":[{"href":"https:\/\/archive.sana.sy\/tr\/index.php?rest_route=\/wp\/v2\/types\/post"}],"author":[{"embeddable":true,"href":"https:\/\/archive.sana.sy\/tr\/index.php?rest_route=\/wp\/v2\/users\/1"}],"replies":[{"embeddable":true,"href":"https:\/\/archive.sana.sy\/tr\/index.php?rest_route=%2Fwp%2Fv2%2Fcomments&post=92682"}],"version-history":[{"count":0,"href":"https:\/\/archive.sana.sy\/tr\/index.php?rest_route=\/wp\/v2\/posts\/92682\/revisions"}],"wp:featuredmedia":[{"embeddable":true,"href":"https:\/\/archive.sana.sy\/tr\/index.php?rest_route=\/wp\/v2\/media\/92685"}],"wp:attachment":[{"href":"https:\/\/archive.sana.sy\/tr\/index.php?rest_route=%2Fwp%2Fv2%2Fmedia&parent=92682"}],"wp:term":[{"taxonomy":"category","embeddable":true,"href":"https:\/\/archive.sana.sy\/tr\/index.php?rest_route=%2Fwp%2Fv2%2Fcategories&post=92682"},{"taxonomy":"post_tag","embeddable":true,"href":"https:\/\/archive.sana.sy\/tr\/index.php?rest_route=%2Fwp%2Fv2%2Ftags&post=92682"}],"curies":[{"name":"wp","href":"https:\/\/api.w.org\/{rel}","templated":true}]}}