{"id":9275,"date":"2014-09-07T12:45:27","date_gmt":"2014-09-07T09:45:27","guid":{"rendered":"http:\/\/www.sana.sy\/tr\/?p=9275"},"modified":"2014-09-07T12:45:27","modified_gmt":"2014-09-07T09:45:27","slug":"isidli-teroristler-karakolda-misafirler","status":"publish","type":"post","link":"https:\/\/archive.sana.sy\/tr\/?p=9275","title":{"rendered":"I\u015e\u0130D\u2019li Ter\u00f6ristler Karakolda Misafirler"},"content":{"rendered":"<p>ANKARA \u2013 T\u00fcrkiyeli Gazeteci Mehmet Bozkurt T\u00fcrkiye&#8217;de iktidardaki AKP h\u00fck\u00fcmeti tutukevlerinde bulunan I\u015e\u0130D ter\u00f6ristlerinin b\u00fcy\u00fck bir rahatl\u0131k ve h\u00fcrriyet i\u00e7inde ya\u015fad\u0131klar\u0131n\u0131 ifade etti.<\/p>\n<p>Bozkurt \u015eanl\u0131urfa\u2019da bulundu\u011fu s\u0131rada I\u015e\u0130D\u2019li 30 ter\u00f6ristin bulundu\u011fu bir karakolda onlarla 8 saat beraber kald\u0131\u011f\u0131n\u0131 ifade ederken; \u201cCihat\u00e7\u0131lar karakolda rahat\u00e7a dola\u015f\u0131p cep telefonu kullanabiliyor. Bir polis, \u2018Tedbir i\u00e7in tutuyoruz. Ne zaman serbest kalacaklar\u0131 belli de\u011fil. Ankara\u2019dan haber gelecek\u2019 dedi.\u201d \u0130fadesini kulland\u0131.<\/p>\n<p>Bozgurt yabanc\u0131lardan olu\u015fan ve az bir T\u00fcrk\u00e7e konu\u015fan bir ikisi haricinde di\u011ferlerinin t\u00fcm\u00fcn\u00fcn yabanc\u0131 dil konu\u015fan I\u015e\u0130D ter\u00f6ristlerinin karakolda b\u00fcy\u00fck bir rahatl\u0131kla dola\u015ft\u0131klar\u0131n\u0131, kald\u0131klar\u0131 yerin kap\u0131s\u0131n\u0131n bile kilitli olmad\u0131\u011f\u0131n\u0131 aktard\u0131.<\/p>\n<p>Gazeteci Bozkurt; \u201cMilitanlar topluca namaz k\u0131l\u0131yordu. Ama namaz \u015fekilleri bizim bildi\u011fimiz namazdan farkl\u0131yd\u0131. \u00c7o\u011fu Arap olan grupta \u00c7e\u00e7enler ve Frans\u0131zca konu\u015fan bir militan da vard\u0131. I\u015e\u0130D\u2019ciler tepki g\u00f6sterdi\u011fi i\u00e7in farkl\u0131 su\u00e7lamalardan g\u00f6zalt\u0131nda tutulanlar\u0131n sigara i\u00e7mesine izin verilmiyordu. I\u015e\u0130D militanlar\u0131 merkez i\u00e7erisinde sigara i\u00e7ildi\u011fi i\u00e7in \u00e7ok sert tepki g\u00f6stermi\u015fler. Hatta bir g\u00fcn polislerin \u00fczerine bile y\u00fcr\u00fcm\u00fc\u015fler. Aralar\u0131nda ciddi a\u011f\u0131z dala\u015flar\u0131 ya\u015fanm\u0131\u015f..\u201d dedi.<\/p>\n","protected":false},"excerpt":{"rendered":"<p>ANKARA \u2013 T\u00fcrkiyeli Gazeteci Mehmet Bozkurt T\u00fcrkiye&#8217;de iktidardaki AKP h\u00fck\u00fcmeti tutukevlerinde bulunan I\u015e\u0130D ter\u00f6ristlerinin b\u00fcy\u00fck bir rahatl\u0131k ve h\u00fcrriyet i\u00e7inde ya\u015fad\u0131klar\u0131n\u0131 ifade etti. Bozkurt \u015eanl\u0131urfa\u2019da bulundu\u011fu s\u0131rada I\u015e\u0130D\u2019li 30 ter\u00f6ristin bulundu\u011fu bir karakolda onlarla 8 saat beraber kald\u0131\u011f\u0131n\u0131 ifade ederken; \u201cCihat\u00e7\u0131lar karakolda rahat\u00e7a dola\u015f\u0131p cep telefonu kullanabiliyor. Bir polis, \u2018Tedbir i\u00e7in tutuyoruz. Ne zaman serbest &hellip;<\/p>\n","protected":false},"author":1,"featured_media":9276,"comment_status":"closed","ping_status":"closed","sticky":false,"template":"","format":"standard","meta":{"footnotes":""},"categories":[556,458,559,459,447],"tags":[],"class_list":["post-9275","post","type-post","status-publish","format-standard","has-post-thumbnail","","category-basin","category-dunya1","category-dunya-basini","category-haberler-arap-uluslararasi-politika","category-politika"],"_links":{"self":[{"href":"https:\/\/archive.sana.sy\/tr\/index.php?rest_route=\/wp\/v2\/posts\/9275","targetHints":{"allow":["GET"]}}],"collection":[{"href":"https:\/\/archive.sana.sy\/tr\/index.php?rest_route=\/wp\/v2\/posts"}],"about":[{"href":"https:\/\/archive.sana.sy\/tr\/index.php?rest_route=\/wp\/v2\/types\/post"}],"author":[{"embeddable":true,"href":"https:\/\/archive.sana.sy\/tr\/index.php?rest_route=\/wp\/v2\/users\/1"}],"replies":[{"embeddable":true,"href":"https:\/\/archive.sana.sy\/tr\/index.php?rest_route=%2Fwp%2Fv2%2Fcomments&post=9275"}],"version-history":[{"count":0,"href":"https:\/\/archive.sana.sy\/tr\/index.php?rest_route=\/wp\/v2\/posts\/9275\/revisions"}],"wp:featuredmedia":[{"embeddable":true,"href":"https:\/\/archive.sana.sy\/tr\/index.php?rest_route=\/wp\/v2\/media\/9276"}],"wp:attachment":[{"href":"https:\/\/archive.sana.sy\/tr\/index.php?rest_route=%2Fwp%2Fv2%2Fmedia&parent=9275"}],"wp:term":[{"taxonomy":"category","embeddable":true,"href":"https:\/\/archive.sana.sy\/tr\/index.php?rest_route=%2Fwp%2Fv2%2Fcategories&post=9275"},{"taxonomy":"post_tag","embeddable":true,"href":"https:\/\/archive.sana.sy\/tr\/index.php?rest_route=%2Fwp%2Fv2%2Ftags&post=9275"}],"curies":[{"name":"wp","href":"https:\/\/api.w.org\/{rel}","templated":true}]}}