{"id":92750,"date":"2016-10-27T11:35:39","date_gmt":"2016-10-27T08:35:39","guid":{"rendered":"http:\/\/www.sana.sy\/tr\/?p=92750"},"modified":"2016-10-27T11:45:04","modified_gmt":"2016-10-27T08:45:04","slug":"sanaya-aciklamasinda-askeri-kaynak-hava-guclerimizin-lazkiye-kirsalinin-kuzeyi-kfar-sendo-terdiyn-ve-dahret-terdiyn-bolgelerinde-erdogan-rejimine-tabi-cokuluslu-radikal-teroristlerin-kararga","status":"publish","type":"post","link":"https:\/\/archive.sana.sy\/tr\/?p=92750","title":{"rendered":"SANA\u2019ya a\u00e7\u0131klamas\u0131nda askeri kaynak hava g\u00fc\u00e7lerimizin Lazkiye k\u0131rsal\u0131n\u0131n kuzeyi Kfar Sendo, Terdiyn ve Dahret Terdiyn b\u00f6lgelerinde Erdo\u011fan rejimine tabi \u00e7okuluslu radikal ter\u00f6ristlerin karargahlar\u0131 ve bir\u00e7ok arac\u0131n\u0131 i\u00e7erdikleri \u00e7ok say\u0131da ter\u00f6ristle birlikte etkisiz hale getirdiklerini belirtti"},"content":{"rendered":"<p>SANA\u2019ya a\u00e7\u0131klamas\u0131nda askeri kaynak hava g\u00fc\u00e7lerimizin Lazkiye k\u0131rsal\u0131n\u0131n kuzeyi Kfar Sendo, Terdiyn ve Dahret Terdiyn b\u00f6lgelerinde Erdo\u011fan rejimine tabi \u00e7okuluslu radikal ter\u00f6ristlerin karargahlar\u0131 ve bir\u00e7ok arac\u0131n\u0131 i\u00e7erdikleri \u00e7ok say\u0131da ter\u00f6ristle birlikte etkisiz hale getirdiklerini belirtti<\/p>\n","protected":false},"excerpt":{"rendered":"<p>SANA\u2019ya a\u00e7\u0131klamas\u0131nda askeri kaynak hava g\u00fc\u00e7lerimizin Lazkiye k\u0131rsal\u0131n\u0131n kuzeyi Kfar Sendo, Terdiyn ve Dahret Terdiyn b\u00f6lgelerinde Erdo\u011fan rejimine tabi \u00e7okuluslu radikal ter\u00f6ristlerin karargahlar\u0131 ve bir\u00e7ok arac\u0131n\u0131 i\u00e7erdikleri \u00e7ok say\u0131da ter\u00f6ristle birlikte etkisiz hale getirdiklerini belirtti<\/p>\n","protected":false},"author":1,"featured_media":0,"comment_status":"closed","ping_status":"closed","sticky":false,"template":"","format":"standard","meta":{"footnotes":""},"categories":[17991],"tags":[],"class_list":["post-92750","post","type-post","status-publish","format-standard","","category-son-dakika"],"_links":{"self":[{"href":"https:\/\/archive.sana.sy\/tr\/index.php?rest_route=\/wp\/v2\/posts\/92750","targetHints":{"allow":["GET"]}}],"collection":[{"href":"https:\/\/archive.sana.sy\/tr\/index.php?rest_route=\/wp\/v2\/posts"}],"about":[{"href":"https:\/\/archive.sana.sy\/tr\/index.php?rest_route=\/wp\/v2\/types\/post"}],"author":[{"embeddable":true,"href":"https:\/\/archive.sana.sy\/tr\/index.php?rest_route=\/wp\/v2\/users\/1"}],"replies":[{"embeddable":true,"href":"https:\/\/archive.sana.sy\/tr\/index.php?rest_route=%2Fwp%2Fv2%2Fcomments&post=92750"}],"version-history":[{"count":0,"href":"https:\/\/archive.sana.sy\/tr\/index.php?rest_route=\/wp\/v2\/posts\/92750\/revisions"}],"wp:attachment":[{"href":"https:\/\/archive.sana.sy\/tr\/index.php?rest_route=%2Fwp%2Fv2%2Fmedia&parent=92750"}],"wp:term":[{"taxonomy":"category","embeddable":true,"href":"https:\/\/archive.sana.sy\/tr\/index.php?rest_route=%2Fwp%2Fv2%2Fcategories&post=92750"},{"taxonomy":"post_tag","embeddable":true,"href":"https:\/\/archive.sana.sy\/tr\/index.php?rest_route=%2Fwp%2Fv2%2Ftags&post=92750"}],"curies":[{"name":"wp","href":"https:\/\/api.w.org\/{rel}","templated":true}]}}