{"id":92753,"date":"2016-10-27T11:16:42","date_gmt":"2016-10-27T08:16:42","guid":{"rendered":"http:\/\/www.sana.sy\/tr\/?p=92753"},"modified":"2016-10-27T11:27:58","modified_gmt":"2016-10-27T08:27:58","slug":"kaynak-operasyonda-teroristlerin-kullandiklari-bir-dizi-siper-ve-karargahin-yani-sira-zirhli-araclarin-tasinmasinda-kullanilan-bir-agir-bir-arac-ve-fuze-bataryasinin-monte-edildigi-bir-kamyon-dorsesin","status":"publish","type":"post","link":"https:\/\/archive.sana.sy\/tr\/?p=92753","title":{"rendered":"Kaynak operasyonda ter\u00f6ristlerin kulland\u0131klar\u0131 bir dizi siper ve karargah\u0131n yan\u0131 s\u0131ra z\u0131rhl\u0131 ara\u00e7lar\u0131n ta\u015f\u0131nmas\u0131nda kullan\u0131lan bir a\u011f\u0131r bir ara\u00e7 ve f\u00fcze bataryas\u0131n\u0131n monte edildi\u011fi bir kamyon dorsesini \u00e7ok say\u0131da ter\u00f6ristle birlikte imha ettiklerini kaydetti"},"content":{"rendered":"<p>Kaynak operasyonda ter\u00f6ristlerin kulland\u0131klar\u0131 bir dizi siper ve karargah\u0131n yan\u0131 s\u0131ra z\u0131rhl\u0131 ara\u00e7lar\u0131n ta\u015f\u0131nmas\u0131nda kullan\u0131lan bir a\u011f\u0131r bir ara\u00e7 ve f\u00fcze bataryas\u0131n\u0131n monte edildi\u011fi bir kamyon dorsesini \u00e7ok say\u0131da ter\u00f6ristle birlikte imha ettiklerini kaydetti<\/p>\n","protected":false},"excerpt":{"rendered":"<p>Kaynak operasyonda ter\u00f6ristlerin kulland\u0131klar\u0131 bir dizi siper ve karargah\u0131n yan\u0131 s\u0131ra z\u0131rhl\u0131 ara\u00e7lar\u0131n ta\u015f\u0131nmas\u0131nda kullan\u0131lan bir a\u011f\u0131r bir ara\u00e7 ve f\u00fcze bataryas\u0131n\u0131n monte edildi\u011fi bir kamyon dorsesini \u00e7ok say\u0131da ter\u00f6ristle birlikte imha ettiklerini kaydetti<\/p>\n","protected":false},"author":1,"featured_media":0,"comment_status":"closed","ping_status":"closed","sticky":false,"template":"","format":"standard","meta":{"footnotes":""},"categories":[17991],"tags":[],"class_list":["post-92753","post","type-post","status-publish","format-standard","","category-son-dakika"],"_links":{"self":[{"href":"https:\/\/archive.sana.sy\/tr\/index.php?rest_route=\/wp\/v2\/posts\/92753","targetHints":{"allow":["GET"]}}],"collection":[{"href":"https:\/\/archive.sana.sy\/tr\/index.php?rest_route=\/wp\/v2\/posts"}],"about":[{"href":"https:\/\/archive.sana.sy\/tr\/index.php?rest_route=\/wp\/v2\/types\/post"}],"author":[{"embeddable":true,"href":"https:\/\/archive.sana.sy\/tr\/index.php?rest_route=\/wp\/v2\/users\/1"}],"replies":[{"embeddable":true,"href":"https:\/\/archive.sana.sy\/tr\/index.php?rest_route=%2Fwp%2Fv2%2Fcomments&post=92753"}],"version-history":[{"count":0,"href":"https:\/\/archive.sana.sy\/tr\/index.php?rest_route=\/wp\/v2\/posts\/92753\/revisions"}],"wp:attachment":[{"href":"https:\/\/archive.sana.sy\/tr\/index.php?rest_route=%2Fwp%2Fv2%2Fmedia&parent=92753"}],"wp:term":[{"taxonomy":"category","embeddable":true,"href":"https:\/\/archive.sana.sy\/tr\/index.php?rest_route=%2Fwp%2Fv2%2Fcategories&post=92753"},{"taxonomy":"post_tag","embeddable":true,"href":"https:\/\/archive.sana.sy\/tr\/index.php?rest_route=%2Fwp%2Fv2%2Ftags&post=92753"}],"curies":[{"name":"wp","href":"https:\/\/api.w.org\/{rel}","templated":true}]}}