{"id":92761,"date":"2016-10-27T11:17:37","date_gmt":"2016-10-27T08:17:37","guid":{"rendered":"http:\/\/www.sana.sy\/tr\/?p=92761"},"modified":"2016-10-28T15:35:32","modified_gmt":"2016-10-28T13:35:32","slug":"derada-yeni-yatirim-projeleri-hayata-geciriliyor","status":"publish","type":"post","link":"https:\/\/archive.sana.sy\/tr\/?p=92761","title":{"rendered":"Dera\u2019da Yeni Yat\u0131r\u0131m Projeleri Hayata Ge\u00e7iriliyor"},"content":{"rendered":"<p>DERA \u2013 Dera Valisi Muhammed Halit el Hanus valili\u011fin \u00f6n\u00fcm\u00fczdeki k\u0131sa s\u00fcre\u00e7 i\u00e7inde Dera\u2019da bir dizi yat\u0131r\u0131m projesini hayata ge\u00e7irme planlar\u0131 haz\u0131rlad\u0131\u011f\u0131n\u0131 vurgularken, k\u00fc\u00e7\u00fck yat\u0131r\u0131m projelerinde \u015fehit ailelerine \u00f6nceli\u011fin verilece\u011fini belirtti.<\/p>\n<p>Valili\u011fin bug\u00fcn H\u00fck\u00fcmet Kona\u011f\u0131nda \u015fehir meclisi ile toplant\u0131s\u0131nda Vali Hanus; hayata ge\u00e7irilmesi planlanan projeler aras\u0131nda Ezra Kasabas\u0131nda g\u00fcnde ortalama 300 ton un \u00fcretecek un de\u011firmeni, Ezra Kasabas\u0131nda sebze hali, Hurbat Gazale su kuyular\u0131ndan Dera Kentine su temini ve Ka\u015fif B\u00f6lgesinde so\u011futma tesisleri gibi projeler bulundu\u011funu kaydetti.<\/p>\n<p>Dera valili\u011finin k\u00fc\u00e7\u00fck \u00f6l\u00e7ekli yat\u0131r\u0131m projelerinde ordu birliklerimizden \u015fehit ailelerine \u00f6ncelik verdi\u011fini belirten Vali Hanus; bir k\u0131s\u0131m yat\u0131r\u0131mlardan elde edilen kazanc\u0131n \u015eehit ve Yaral\u0131 Ofisine havale edilece\u011fini de ifade etti.<\/p>\n<p>Dera Kenti dahilinde mevcut sanayi i\u015fyerleri meselesine de de\u011finen Vali Hanus; bu sorunu \u00e7\u00f6zmek i\u00e7in Dera Kentinin kenarlar\u0131nda gerekli t\u00fcm hizmet \u015febekeleri ve altyap\u0131 ile donat\u0131lacak bir organize sanayi b\u00f6lgesi kurma plan\u0131n\u0131n g\u00fcndemde oldu\u011funu a\u00e7\u0131klad\u0131.<\/p>\n<p>&nbsp;<\/p>\n","protected":false},"excerpt":{"rendered":"<p>DERA \u2013 Dera Valisi Muhammed Halit el Hanus valili\u011fin \u00f6n\u00fcm\u00fczdeki k\u0131sa s\u00fcre\u00e7 i\u00e7inde Dera\u2019da bir dizi yat\u0131r\u0131m projesini hayata ge\u00e7irme planlar\u0131 haz\u0131rlad\u0131\u011f\u0131n\u0131 vurgularken, k\u00fc\u00e7\u00fck yat\u0131r\u0131m projelerinde \u015fehit ailelerine \u00f6nceli\u011fin verilece\u011fini belirtti. Valili\u011fin bug\u00fcn H\u00fck\u00fcmet Kona\u011f\u0131nda \u015fehir meclisi ile toplant\u0131s\u0131nda Vali Hanus; hayata ge\u00e7irilmesi planlanan projeler aras\u0131nda Ezra Kasabas\u0131nda g\u00fcnde ortalama 300 ton un \u00fcretecek un &hellip;<\/p>\n","protected":false},"author":1,"featured_media":92765,"comment_status":"closed","ping_status":"closed","sticky":false,"template":"","format":"standard","meta":{"footnotes":""},"categories":[479,17988,478],"tags":[1295,24917,24915,24912,24916,24913,24914],"class_list":["post-92761","post","type-post","status-publish","format-standard","has-post-thumbnail","","category-haberler-yerel","category-son-haberler","category-yerel","tag-dera","tag-dera-valiligi","tag-dera-valisi","tag-derada-yeni-yatirim-projeleri-hayata-geciriliyor","tag-muhammed-halit-el-hanus","tag-yatirim-projeleri","tag-yeni-yatirimlar"],"_links":{"self":[{"href":"https:\/\/archive.sana.sy\/tr\/index.php?rest_route=\/wp\/v2\/posts\/92761","targetHints":{"allow":["GET"]}}],"collection":[{"href":"https:\/\/archive.sana.sy\/tr\/index.php?rest_route=\/wp\/v2\/posts"}],"about":[{"href":"https:\/\/archive.sana.sy\/tr\/index.php?rest_route=\/wp\/v2\/types\/post"}],"author":[{"embeddable":true,"href":"https:\/\/archive.sana.sy\/tr\/index.php?rest_route=\/wp\/v2\/users\/1"}],"replies":[{"embeddable":true,"href":"https:\/\/archive.sana.sy\/tr\/index.php?rest_route=%2Fwp%2Fv2%2Fcomments&post=92761"}],"version-history":[{"count":0,"href":"https:\/\/archive.sana.sy\/tr\/index.php?rest_route=\/wp\/v2\/posts\/92761\/revisions"}],"wp:featuredmedia":[{"embeddable":true,"href":"https:\/\/archive.sana.sy\/tr\/index.php?rest_route=\/wp\/v2\/media\/92765"}],"wp:attachment":[{"href":"https:\/\/archive.sana.sy\/tr\/index.php?rest_route=%2Fwp%2Fv2%2Fmedia&parent=92761"}],"wp:term":[{"taxonomy":"category","embeddable":true,"href":"https:\/\/archive.sana.sy\/tr\/index.php?rest_route=%2Fwp%2Fv2%2Fcategories&post=92761"},{"taxonomy":"post_tag","embeddable":true,"href":"https:\/\/archive.sana.sy\/tr\/index.php?rest_route=%2Fwp%2Fv2%2Ftags&post=92761"}],"curies":[{"name":"wp","href":"https:\/\/api.w.org\/{rel}","templated":true}]}}