{"id":92768,"date":"2016-10-27T12:34:33","date_gmt":"2016-10-27T09:34:33","guid":{"rendered":"http:\/\/www.sana.sy\/tr\/?p=92768"},"modified":"2016-10-28T14:44:39","modified_gmt":"2016-10-28T12:44:39","slug":"af-kararinin-suresi-uzatildi","status":"publish","type":"post","link":"https:\/\/archive.sana.sy\/tr\/?p=92768","title":{"rendered":"Af Karar\u0131n\u0131n S\u00fcresi Uzat\u0131ld\u0131"},"content":{"rendered":"<p>\u015eAM \u2013 Cumhurba\u015fkan\u0131 Be\u015f\u015far el Esad bug\u00fcn, 2016\/15 say\u0131l\u0131 yasama karar\u0131 s\u00fcresinin \u00fc\u00e7 ay daha uzat\u0131lmas\u0131n\u0131 \u00f6ng\u00f6ren 2016\/32 say\u0131l\u0131 kararnameyi onaylad\u0131.<\/p>\n<p>Yeni yasama karar\u0131 kapsam\u0131nda herhangi bir sebepten dolay\u0131 silah ta\u015f\u0131yan ya da kanundan ka\u00e7anlar\u0131n \u00fc\u00e7 ayl\u0131k s\u00fcre i\u00e7inde silahlar\u0131yla birlikte ilgili yarg\u0131 birimlerine teslim olmalar\u0131 halinde cezan\u0131n tamam\u0131ndan muaf tutulmaktalar.<\/p>\n<p>Yine kararname gere\u011fince ellerinde rehine bulunduran yada ka\u00e7\u0131rma eylemlerinde bulunanlar\u0131n ka\u00e7\u0131rd\u0131klar\u0131 ki\u015fileri herhangi bir maddi kar\u015f\u0131l\u0131k olmaks\u0131z\u0131n karar tarihinden sonra bir ayl\u0131k s\u00fcre i\u00e7inde sa\u011f salim b\u0131rakmalar\u0131 halinde de 2013\/20 say\u0131l\u0131 yasama karar\u0131n\u0131n \u00f6ng\u00f6rd\u00fc\u011f\u00fc cezan\u0131n tamam\u0131ndan muaf tutulacakt\u0131r.<\/p>\n<p>\u00d6zel haklar bu yasama karar\u0131ndan istisna tutulurken, bu hakk\u0131n dava hakimi ve \u015fikayet sahibine ba\u011fl\u0131 olup karar tarihinden sonra bir y\u0131ll\u0131k s\u00fcre i\u00e7inde \u00f6zel hakka sahip \u015fah\u0131slar\u0131n istemeleri halinde dava a\u00e7ma haklar\u0131n\u0131 sakl\u0131 tutuyor.<\/p>\n","protected":false},"excerpt":{"rendered":"<p>\u015eAM \u2013 Cumhurba\u015fkan\u0131 Be\u015f\u015far el Esad bug\u00fcn, 2016\/15 say\u0131l\u0131 yasama karar\u0131 s\u00fcresinin \u00fc\u00e7 ay daha uzat\u0131lmas\u0131n\u0131 \u00f6ng\u00f6ren 2016\/32 say\u0131l\u0131 kararnameyi onaylad\u0131. Yeni yasama karar\u0131 kapsam\u0131nda herhangi bir sebepten dolay\u0131 silah ta\u015f\u0131yan ya da kanundan ka\u00e7anlar\u0131n \u00fc\u00e7 ayl\u0131k s\u00fcre i\u00e7inde silahlar\u0131yla birlikte ilgili yarg\u0131 birimlerine teslim olmalar\u0131 halinde cezan\u0131n tamam\u0131ndan muaf tutulmaktalar. Yine kararname gere\u011fince ellerinde &hellip;<\/p>\n","protected":false},"author":1,"featured_media":87010,"comment_status":"closed","ping_status":"closed","sticky":false,"template":"","format":"standard","meta":{"footnotes":""},"categories":[479,605,17988,612,599,478],"tags":[],"class_list":["post-92768","post","type-post","status-publish","format-standard","has-post-thumbnail","","category-haberler-yerel","category-sayin-cumhurbaskani","category-son-haberler","category-yasama-kararnameler","category-yasama-ve-kanunlar","category-yerel"],"_links":{"self":[{"href":"https:\/\/archive.sana.sy\/tr\/index.php?rest_route=\/wp\/v2\/posts\/92768","targetHints":{"allow":["GET"]}}],"collection":[{"href":"https:\/\/archive.sana.sy\/tr\/index.php?rest_route=\/wp\/v2\/posts"}],"about":[{"href":"https:\/\/archive.sana.sy\/tr\/index.php?rest_route=\/wp\/v2\/types\/post"}],"author":[{"embeddable":true,"href":"https:\/\/archive.sana.sy\/tr\/index.php?rest_route=\/wp\/v2\/users\/1"}],"replies":[{"embeddable":true,"href":"https:\/\/archive.sana.sy\/tr\/index.php?rest_route=%2Fwp%2Fv2%2Fcomments&post=92768"}],"version-history":[{"count":0,"href":"https:\/\/archive.sana.sy\/tr\/index.php?rest_route=\/wp\/v2\/posts\/92768\/revisions"}],"wp:featuredmedia":[{"embeddable":true,"href":"https:\/\/archive.sana.sy\/tr\/index.php?rest_route=\/wp\/v2\/media\/87010"}],"wp:attachment":[{"href":"https:\/\/archive.sana.sy\/tr\/index.php?rest_route=%2Fwp%2Fv2%2Fmedia&parent=92768"}],"wp:term":[{"taxonomy":"category","embeddable":true,"href":"https:\/\/archive.sana.sy\/tr\/index.php?rest_route=%2Fwp%2Fv2%2Fcategories&post=92768"},{"taxonomy":"post_tag","embeddable":true,"href":"https:\/\/archive.sana.sy\/tr\/index.php?rest_route=%2Fwp%2Fv2%2Ftags&post=92768"}],"curies":[{"name":"wp","href":"https:\/\/api.w.org\/{rel}","templated":true}]}}