{"id":92770,"date":"2016-10-27T12:32:56","date_gmt":"2016-10-27T09:32:56","guid":{"rendered":"http:\/\/www.sana.sy\/tr\/?p=92770"},"modified":"2016-10-27T12:46:05","modified_gmt":"2016-10-27T09:46:05","slug":"halep-eil-emniyet-mudurlugunde-yetkili-bir-kaynak-sanaya-aciklamasinda-halep-kentinin-dogusunda-bulunan-ve-ilimli-muhalifler-adi-verilen-radikal-teroristlerin-sehba-semtind","status":"publish","type":"post","link":"https:\/\/archive.sana.sy\/tr\/?p=92770","title":{"rendered":"Halep Eil Emniyet M\u00fcd\u00fcrl\u00fc\u011f\u00fcnde yetkili bir kaynak SANA\u2019ya a\u00e7\u0131klamas\u0131nda; Halep Kentinin do\u011fusunda bulunan ve \u2018\u0131l\u0131ml\u0131 muhalifler\u2019 ad\u0131 verilen radikal ter\u00f6ristlerin \u015eehba Semtindeki Vataniye \u0130lk\u00f6\u011fretim Okuluna roketlerle sald\u0131rd\u0131klar\u0131n\u0131 belirtti"},"content":{"rendered":"<p>Halep Eil Emniyet M\u00fcd\u00fcrl\u00fc\u011f\u00fcnde yetkili bir kaynak SANA\u2019ya a\u00e7\u0131klamas\u0131nda; Halep Kentinin do\u011fusunda bulunan ve \u2018\u0131l\u0131ml\u0131 muhalifler\u2019 ad\u0131 verilen radikal ter\u00f6ristlerin \u015eehba Semtindeki Vataniye \u0130lk\u00f6\u011fretim Okuluna roketlerle sald\u0131rd\u0131klar\u0131n\u0131 belirtti<\/p>\n","protected":false},"excerpt":{"rendered":"<p>Halep Eil Emniyet M\u00fcd\u00fcrl\u00fc\u011f\u00fcnde yetkili bir kaynak SANA\u2019ya a\u00e7\u0131klamas\u0131nda; Halep Kentinin do\u011fusunda bulunan ve \u2018\u0131l\u0131ml\u0131 muhalifler\u2019 ad\u0131 verilen radikal ter\u00f6ristlerin \u015eehba Semtindeki Vataniye \u0130lk\u00f6\u011fretim Okuluna roketlerle sald\u0131rd\u0131klar\u0131n\u0131 belirtti<\/p>\n","protected":false},"author":1,"featured_media":0,"comment_status":"closed","ping_status":"closed","sticky":false,"template":"","format":"standard","meta":{"footnotes":""},"categories":[17991],"tags":[],"class_list":["post-92770","post","type-post","status-publish","format-standard","","category-son-dakika"],"_links":{"self":[{"href":"https:\/\/archive.sana.sy\/tr\/index.php?rest_route=\/wp\/v2\/posts\/92770","targetHints":{"allow":["GET"]}}],"collection":[{"href":"https:\/\/archive.sana.sy\/tr\/index.php?rest_route=\/wp\/v2\/posts"}],"about":[{"href":"https:\/\/archive.sana.sy\/tr\/index.php?rest_route=\/wp\/v2\/types\/post"}],"author":[{"embeddable":true,"href":"https:\/\/archive.sana.sy\/tr\/index.php?rest_route=\/wp\/v2\/users\/1"}],"replies":[{"embeddable":true,"href":"https:\/\/archive.sana.sy\/tr\/index.php?rest_route=%2Fwp%2Fv2%2Fcomments&post=92770"}],"version-history":[{"count":0,"href":"https:\/\/archive.sana.sy\/tr\/index.php?rest_route=\/wp\/v2\/posts\/92770\/revisions"}],"wp:attachment":[{"href":"https:\/\/archive.sana.sy\/tr\/index.php?rest_route=%2Fwp%2Fv2%2Fmedia&parent=92770"}],"wp:term":[{"taxonomy":"category","embeddable":true,"href":"https:\/\/archive.sana.sy\/tr\/index.php?rest_route=%2Fwp%2Fv2%2Fcategories&post=92770"},{"taxonomy":"post_tag","embeddable":true,"href":"https:\/\/archive.sana.sy\/tr\/index.php?rest_route=%2Fwp%2Fv2%2Ftags&post=92770"}],"curies":[{"name":"wp","href":"https:\/\/api.w.org\/{rel}","templated":true}]}}