{"id":92771,"date":"2016-10-27T12:44:19","date_gmt":"2016-10-27T09:44:19","guid":{"rendered":"http:\/\/www.sana.sy\/tr\/?p=92771"},"modified":"2016-10-27T12:46:28","modified_gmt":"2016-10-27T09:46:28","slug":"kaynak-masum-kucuk-cocuklari-hedef-alan-teror-saldirisinda-okul-ogrencilerinden-3-cocugun-sehit-14-cocugun-da-yarali-dustuklerini-kaydetti","status":"publish","type":"post","link":"https:\/\/archive.sana.sy\/tr\/?p=92771","title":{"rendered":"Kaynak masum k\u00fc\u00e7\u00fck \u00e7ocuklar\u0131 hedef alan ter\u00f6r sald\u0131r\u0131s\u0131nda okul \u00f6\u011frencilerinden 3 \u00e7ocu\u011fun \u015fehit, 14 \u00e7ocu\u011fun da yaral\u0131 d\u00fc\u015ft\u00fcklerini kaydetti"},"content":{"rendered":"<p>Kaynak masum k\u00fc\u00e7\u00fck \u00e7ocuklar\u0131 hedef alan ter\u00f6r sald\u0131r\u0131s\u0131nda okul \u00f6\u011frencilerinden 3 \u00e7ocu\u011fun \u015fehit, 14 \u00e7ocu\u011fun da yaral\u0131 d\u00fc\u015ft\u00fcklerini kaydetti<\/p>\n","protected":false},"excerpt":{"rendered":"<p>Kaynak masum k\u00fc\u00e7\u00fck \u00e7ocuklar\u0131 hedef alan ter\u00f6r sald\u0131r\u0131s\u0131nda okul \u00f6\u011frencilerinden 3 \u00e7ocu\u011fun \u015fehit, 14 \u00e7ocu\u011fun da yaral\u0131 d\u00fc\u015ft\u00fcklerini kaydetti<\/p>\n","protected":false},"author":1,"featured_media":0,"comment_status":"closed","ping_status":"closed","sticky":false,"template":"","format":"standard","meta":{"footnotes":""},"categories":[17991],"tags":[],"class_list":["post-92771","post","type-post","status-publish","format-standard","","category-son-dakika"],"_links":{"self":[{"href":"https:\/\/archive.sana.sy\/tr\/index.php?rest_route=\/wp\/v2\/posts\/92771","targetHints":{"allow":["GET"]}}],"collection":[{"href":"https:\/\/archive.sana.sy\/tr\/index.php?rest_route=\/wp\/v2\/posts"}],"about":[{"href":"https:\/\/archive.sana.sy\/tr\/index.php?rest_route=\/wp\/v2\/types\/post"}],"author":[{"embeddable":true,"href":"https:\/\/archive.sana.sy\/tr\/index.php?rest_route=\/wp\/v2\/users\/1"}],"replies":[{"embeddable":true,"href":"https:\/\/archive.sana.sy\/tr\/index.php?rest_route=%2Fwp%2Fv2%2Fcomments&post=92771"}],"version-history":[{"count":0,"href":"https:\/\/archive.sana.sy\/tr\/index.php?rest_route=\/wp\/v2\/posts\/92771\/revisions"}],"wp:attachment":[{"href":"https:\/\/archive.sana.sy\/tr\/index.php?rest_route=%2Fwp%2Fv2%2Fmedia&parent=92771"}],"wp:term":[{"taxonomy":"category","embeddable":true,"href":"https:\/\/archive.sana.sy\/tr\/index.php?rest_route=%2Fwp%2Fv2%2Fcategories&post=92771"},{"taxonomy":"post_tag","embeddable":true,"href":"https:\/\/archive.sana.sy\/tr\/index.php?rest_route=%2Fwp%2Fv2%2Ftags&post=92771"}],"curies":[{"name":"wp","href":"https:\/\/api.w.org\/{rel}","templated":true}]}}