{"id":92774,"date":"2016-10-27T12:57:33","date_gmt":"2016-10-27T09:57:33","guid":{"rendered":"http:\/\/www.sana.sy\/tr\/?p=92774"},"modified":"2016-10-28T14:44:21","modified_gmt":"2016-10-28T12:44:21","slug":"yeni-vali-anayasal-andi-icti","status":"publish","type":"post","link":"https:\/\/archive.sana.sy\/tr\/?p=92774","title":{"rendered":"Yeni Vali Anayasal And\u0131 \u0130\u00e7ti"},"content":{"rendered":"<p>\u015eAM \u2013 Deyrezzor \u0130linin yeni Valisi Muhammed \u0130brahim Semra bug\u00fcn Cumhurba\u015fkan\u0131 Be\u015f\u015far el Esad\u2019\u0131n huzurunda anayasal and\u0131 i\u00e7ti.<\/p>\n<p>Yemin t\u00f6reni ard\u0131ndan yap\u0131lan g\u00f6r\u00fc\u015fmede el Esad yeni valiye gerekli y\u00f6nlendirmelerde bulunmas\u0131 ard\u0131ndan g\u00f6revinde ba\u015far\u0131 temennilerinde bulundu.<\/p>\n<div id='gallery-1' class='gallery galleryid-92774 gallery-columns-2 gallery-size-thumbnail'><figure class='gallery-item'>\n\t\t\t<div class='gallery-icon landscape'>\n\t\t\t\t<a href='https:\/\/archive.sana.sy\/tr\/wp-content\/uploads\/2016\/10\/Esad-2.jpg'><img loading=\"lazy\" decoding=\"async\" width=\"150\" height=\"97\" src=\"https:\/\/archive.sana.sy\/tr\/wp-content\/uploads\/2016\/10\/Esad-2-150x97.jpg\" class=\"attachment-thumbnail size-thumbnail\" alt=\"\" srcset=\"https:\/\/archive.sana.sy\/tr\/wp-content\/uploads\/2016\/10\/Esad-2-150x97.jpg 150w, https:\/\/archive.sana.sy\/tr\/wp-content\/uploads\/2016\/10\/Esad-2-300x194.jpg 300w, https:\/\/archive.sana.sy\/tr\/wp-content\/uploads\/2016\/10\/Esad-2-768x496.jpg 768w, https:\/\/archive.sana.sy\/tr\/wp-content\/uploads\/2016\/10\/Esad-2-1024x662.jpg 1024w\" sizes=\"auto, (max-width: 150px) 100vw, 150px\" \/><\/a>\n\t\t\t<\/div><\/figure><figure class='gallery-item'>\n\t\t\t<div class='gallery-icon landscape'>\n\t\t\t\t<a href='https:\/\/archive.sana.sy\/tr\/wp-content\/uploads\/2016\/10\/Esad-3.jpg'><img loading=\"lazy\" decoding=\"async\" width=\"150\" height=\"100\" src=\"https:\/\/archive.sana.sy\/tr\/wp-content\/uploads\/2016\/10\/Esad-3-150x100.jpg\" class=\"attachment-thumbnail size-thumbnail\" alt=\"\" srcset=\"https:\/\/archive.sana.sy\/tr\/wp-content\/uploads\/2016\/10\/Esad-3-150x100.jpg 150w, https:\/\/archive.sana.sy\/tr\/wp-content\/uploads\/2016\/10\/Esad-3-300x200.jpg 300w, https:\/\/archive.sana.sy\/tr\/wp-content\/uploads\/2016\/10\/Esad-3-768x511.jpg 768w, https:\/\/archive.sana.sy\/tr\/wp-content\/uploads\/2016\/10\/Esad-3-1024x682.jpg 1024w, https:\/\/archive.sana.sy\/tr\/wp-content\/uploads\/2016\/10\/Esad-3-310x205.jpg 310w\" sizes=\"auto, (max-width: 150px) 100vw, 150px\" \/><\/a>\n\t\t\t<\/div><\/figure>\n\t\t<\/div>\n\n","protected":false},"excerpt":{"rendered":"<p>\u015eAM \u2013 Deyrezzor \u0130linin yeni Valisi Muhammed \u0130brahim Semra bug\u00fcn Cumhurba\u015fkan\u0131 Be\u015f\u015far el Esad\u2019\u0131n huzurunda anayasal and\u0131 i\u00e7ti. Yemin t\u00f6reni ard\u0131ndan yap\u0131lan g\u00f6r\u00fc\u015fmede el Esad yeni valiye gerekli y\u00f6nlendirmelerde bulunmas\u0131 ard\u0131ndan g\u00f6revinde ba\u015far\u0131 temennilerinde bulundu.<\/p>\n","protected":false},"author":1,"featured_media":92775,"comment_status":"closed","ping_status":"closed","sticky":false,"template":"","format":"standard","meta":{"footnotes":""},"categories":[608,479,605,17988,478],"tags":[17256,8767,24918,24898,24119,24919],"class_list":["post-92774","post","type-post","status-publish","format-standard","has-post-thumbnail","","category-etkinlikler","category-haberler-yerel","category-sayin-cumhurbaskani","category-son-haberler","category-yerel","tag-bessar-el-esad","tag-cumhurbaskani","tag-deyrezzor-valisi","tag-muhammed-ibrahim-semra","tag-suriye-lideri","tag-yasal-and"],"_links":{"self":[{"href":"https:\/\/archive.sana.sy\/tr\/index.php?rest_route=\/wp\/v2\/posts\/92774","targetHints":{"allow":["GET"]}}],"collection":[{"href":"https:\/\/archive.sana.sy\/tr\/index.php?rest_route=\/wp\/v2\/posts"}],"about":[{"href":"https:\/\/archive.sana.sy\/tr\/index.php?rest_route=\/wp\/v2\/types\/post"}],"author":[{"embeddable":true,"href":"https:\/\/archive.sana.sy\/tr\/index.php?rest_route=\/wp\/v2\/users\/1"}],"replies":[{"embeddable":true,"href":"https:\/\/archive.sana.sy\/tr\/index.php?rest_route=%2Fwp%2Fv2%2Fcomments&post=92774"}],"version-history":[{"count":0,"href":"https:\/\/archive.sana.sy\/tr\/index.php?rest_route=\/wp\/v2\/posts\/92774\/revisions"}],"wp:featuredmedia":[{"embeddable":true,"href":"https:\/\/archive.sana.sy\/tr\/index.php?rest_route=\/wp\/v2\/media\/92775"}],"wp:attachment":[{"href":"https:\/\/archive.sana.sy\/tr\/index.php?rest_route=%2Fwp%2Fv2%2Fmedia&parent=92774"}],"wp:term":[{"taxonomy":"category","embeddable":true,"href":"https:\/\/archive.sana.sy\/tr\/index.php?rest_route=%2Fwp%2Fv2%2Fcategories&post=92774"},{"taxonomy":"post_tag","embeddable":true,"href":"https:\/\/archive.sana.sy\/tr\/index.php?rest_route=%2Fwp%2Fv2%2Ftags&post=92774"}],"curies":[{"name":"wp","href":"https:\/\/api.w.org\/{rel}","templated":true}]}}