{"id":92777,"date":"2016-10-27T13:00:42","date_gmt":"2016-10-27T10:00:42","guid":{"rendered":"http:\/\/www.sana.sy\/tr\/?p=92777"},"modified":"2016-10-27T13:00:42","modified_gmt":"2016-10-27T10:00:42","slug":"deyrezzor-ilinin-yeni-valisi-muhammed-ibrahim-semra-cumhurbaskani-el-esadin-huzurunda-anayasal-andi-iciyor","status":"publish","type":"post","link":"https:\/\/archive.sana.sy\/tr\/?p=92777","title":{"rendered":"Deyrezzor \u0130linin yeni Valisi  Muhammed \u0130brahim Semra Cumhurba\u015fkan\u0131 el Esad\u2019\u0131n huzurunda anayasal and\u0131 i\u00e7iyor"},"content":{"rendered":"<p>Deyrezzor \u0130linin yeni Valisi \u00a0Muhammed \u0130brahim Semra Cumhurba\u015fkan\u0131 el Esad\u2019\u0131n huzurunda anayasal and\u0131 i\u00e7iyor<\/p>\n<div id='gallery-1' class='gallery galleryid-92777 gallery-columns-2 gallery-size-medium'><figure class='gallery-item'>\n\t\t\t<div class='gallery-icon landscape'>\n\t\t\t\t<a href='https:\/\/archive.sana.sy\/tr\/wp-content\/uploads\/2016\/10\/Esad-2.jpg'><img loading=\"lazy\" decoding=\"async\" width=\"300\" height=\"194\" src=\"https:\/\/archive.sana.sy\/tr\/wp-content\/uploads\/2016\/10\/Esad-2-300x194.jpg\" class=\"attachment-medium size-medium\" alt=\"\" srcset=\"https:\/\/archive.sana.sy\/tr\/wp-content\/uploads\/2016\/10\/Esad-2-300x194.jpg 300w, https:\/\/archive.sana.sy\/tr\/wp-content\/uploads\/2016\/10\/Esad-2-150x97.jpg 150w, https:\/\/archive.sana.sy\/tr\/wp-content\/uploads\/2016\/10\/Esad-2-768x496.jpg 768w, https:\/\/archive.sana.sy\/tr\/wp-content\/uploads\/2016\/10\/Esad-2-1024x662.jpg 1024w\" sizes=\"auto, (max-width: 300px) 100vw, 300px\" \/><\/a>\n\t\t\t<\/div><\/figure><figure class='gallery-item'>\n\t\t\t<div class='gallery-icon landscape'>\n\t\t\t\t<a href='https:\/\/archive.sana.sy\/tr\/wp-content\/uploads\/2016\/10\/Esad-3.jpg'><img loading=\"lazy\" decoding=\"async\" width=\"300\" height=\"200\" src=\"https:\/\/archive.sana.sy\/tr\/wp-content\/uploads\/2016\/10\/Esad-3-300x200.jpg\" class=\"attachment-medium size-medium\" alt=\"\" srcset=\"https:\/\/archive.sana.sy\/tr\/wp-content\/uploads\/2016\/10\/Esad-3-300x200.jpg 300w, https:\/\/archive.sana.sy\/tr\/wp-content\/uploads\/2016\/10\/Esad-3-150x100.jpg 150w, https:\/\/archive.sana.sy\/tr\/wp-content\/uploads\/2016\/10\/Esad-3-768x511.jpg 768w, https:\/\/archive.sana.sy\/tr\/wp-content\/uploads\/2016\/10\/Esad-3-1024x682.jpg 1024w\" sizes=\"auto, (max-width: 300px) 100vw, 300px\" \/><\/a>\n\t\t\t<\/div><\/figure>\n\t\t<\/div>\n\n","protected":false},"excerpt":{"rendered":"<p>Deyrezzor \u0130linin yeni Valisi \u00a0Muhammed \u0130brahim Semra Cumhurba\u015fkan\u0131 el Esad\u2019\u0131n huzurunda anayasal and\u0131 i\u00e7iyor<\/p>\n","protected":false},"author":1,"featured_media":92779,"comment_status":"closed","ping_status":"closed","sticky":false,"template":"","format":"standard","meta":{"footnotes":""},"categories":[6459],"tags":[17256,24119],"class_list":["post-92777","post","type-post","status-publish","format-standard","has-post-thumbnail","","category-sana-fotolarl","tag-bessar-el-esad","tag-suriye-lideri"],"_links":{"self":[{"href":"https:\/\/archive.sana.sy\/tr\/index.php?rest_route=\/wp\/v2\/posts\/92777","targetHints":{"allow":["GET"]}}],"collection":[{"href":"https:\/\/archive.sana.sy\/tr\/index.php?rest_route=\/wp\/v2\/posts"}],"about":[{"href":"https:\/\/archive.sana.sy\/tr\/index.php?rest_route=\/wp\/v2\/types\/post"}],"author":[{"embeddable":true,"href":"https:\/\/archive.sana.sy\/tr\/index.php?rest_route=\/wp\/v2\/users\/1"}],"replies":[{"embeddable":true,"href":"https:\/\/archive.sana.sy\/tr\/index.php?rest_route=%2Fwp%2Fv2%2Fcomments&post=92777"}],"version-history":[{"count":0,"href":"https:\/\/archive.sana.sy\/tr\/index.php?rest_route=\/wp\/v2\/posts\/92777\/revisions"}],"wp:featuredmedia":[{"embeddable":true,"href":"https:\/\/archive.sana.sy\/tr\/index.php?rest_route=\/wp\/v2\/media\/92779"}],"wp:attachment":[{"href":"https:\/\/archive.sana.sy\/tr\/index.php?rest_route=%2Fwp%2Fv2%2Fmedia&parent=92777"}],"wp:term":[{"taxonomy":"category","embeddable":true,"href":"https:\/\/archive.sana.sy\/tr\/index.php?rest_route=%2Fwp%2Fv2%2Fcategories&post=92777"},{"taxonomy":"post_tag","embeddable":true,"href":"https:\/\/archive.sana.sy\/tr\/index.php?rest_route=%2Fwp%2Fv2%2Ftags&post=92777"}],"curies":[{"name":"wp","href":"https:\/\/api.w.org\/{rel}","templated":true}]}}