{"id":92784,"date":"2016-10-27T13:05:25","date_gmt":"2016-10-27T10:05:25","guid":{"rendered":"http:\/\/www.sana.sy\/tr\/?p=92784"},"modified":"2016-10-28T14:44:12","modified_gmt":"2016-10-28T12:44:12","slug":"mutedil-muhalifler-okulda-katliam-islediler","status":"publish","type":"post","link":"https:\/\/archive.sana.sy\/tr\/?p=92784","title":{"rendered":"\u2018Mutedil Muhalifler\u2019 Okulda Katliam \u0130\u015fledi"},"content":{"rendered":"<p>HALEP \u2013 E\u015fi benzeri g\u00f6r\u00fclmemi\u015f yalan ve \u00e7arp\u0131tma propagandas\u0131yla Suriye halk\u0131na y\u00f6nelik insanl\u0131\u011f\u0131n y\u00fcz karas\u0131 bir sava\u015f y\u00fcr\u00fcten d\u0131\u015f g\u00fc\u00e7lerin \u2018\u0131l\u0131ml\u0131 muhalifler\u2019 ad\u0131n\u0131 verdikleri az\u0131l\u0131 ter\u00f6ristler bug\u00fcn masum \u00e7ocuklara kar\u015f\u0131 bir katliam i\u015flediler.<\/p>\n<p>Halep Eil Emniyet M\u00fcd\u00fcrl\u00fc\u011f\u00fcnde yetkili bir kaynak SANA\u2019ya a\u00e7\u0131klamas\u0131nda; Halep Kentinin Zehra Semtinde bulunan ve \u2018\u0131l\u0131ml\u0131 muhalifler\u2019 ad\u0131 verilen radikal ter\u00f6ristlerin \u015eehba Semtindeki Vataniye \u0130lk\u00f6\u011fretim Okulunu 7 roketle hedef ald\u0131klar\u0131n\u0131 belirtti.<\/p>\n<p>Kaynak masum k\u00fc\u00e7\u00fck \u00e7ocuklar\u0131 hedef alan ter\u00f6r sald\u0131r\u0131s\u0131nda okul \u00f6\u011frencilerinden 3 \u00e7ocu\u011fun \u015fehit, 14 \u00e7ocu\u011fun da yaral\u0131 d\u00fc\u015ft\u00fcklerini kaydederken, okul binas\u0131 ve s\u0131n\u0131flar\u0131nda b\u00fcy\u00fck hasarlar\u0131n olu\u015ftu\u011funu aktard\u0131.<\/p>\n<p>\u2018Il\u0131ml\u0131 muhalifler\u2019 ad\u0131 verilen az\u0131l\u0131 ter\u00f6ristlerin Hamadaniye Semtini de yine f\u00fczelerle hedef ald\u0131klar\u0131n\u0131 belirten kaynak; burada bir eve d\u00fc\u015fen f\u00fcze sonucunda ayn\u0131 aileden 3 karde\u015fin \u015fehit, d\u00f6rd\u00fcnc\u00fc karde\u015fin de yaral\u0131 d\u00fc\u015ft\u00fcklerini ifade etti.<\/p>\n","protected":false},"excerpt":{"rendered":"<p>HALEP \u2013 E\u015fi benzeri g\u00f6r\u00fclmemi\u015f yalan ve \u00e7arp\u0131tma propagandas\u0131yla Suriye halk\u0131na y\u00f6nelik insanl\u0131\u011f\u0131n y\u00fcz karas\u0131 bir sava\u015f y\u00fcr\u00fcten d\u0131\u015f g\u00fc\u00e7lerin \u2018\u0131l\u0131ml\u0131 muhalifler\u2019 ad\u0131n\u0131 verdikleri az\u0131l\u0131 ter\u00f6ristler bug\u00fcn masum \u00e7ocuklara kar\u015f\u0131 bir katliam i\u015flediler. Halep Eil Emniyet M\u00fcd\u00fcrl\u00fc\u011f\u00fcnde yetkili bir kaynak SANA\u2019ya a\u00e7\u0131klamas\u0131nda; Halep Kentinin Zehra Semtinde bulunan ve \u2018\u0131l\u0131ml\u0131 muhalifler\u2019 ad\u0131 verilen radikal ter\u00f6ristlerin \u015eehba &hellip;<\/p>\n","protected":false},"author":1,"featured_media":92801,"comment_status":"closed","ping_status":"closed","sticky":false,"template":"","format":"standard","meta":{"footnotes":""},"categories":[479,575,17988,478],"tags":[3464,24920,24223,21585,15945,23433,24587,18347,18674,18174,19034],"class_list":["post-92784","post","type-post","status-publish","format-standard","has-post-thumbnail","","category-haberler-yerel","category-olaylar-ve-gercekler","category-son-haberler","category-yerel","tag-nusra-cephesi","tag-cocuklar-oldu","tag-halepin-dogusu","tag-halepte-son-durum","tag-ilimli-muhalifler","tag-mutedil-muhalifler","tag-okula-saldiri","tag-oso","tag-silahli-muhalifler","tag-sivillere-saldiri","tag-suriyeli-muhalifler"],"_links":{"self":[{"href":"https:\/\/archive.sana.sy\/tr\/index.php?rest_route=\/wp\/v2\/posts\/92784","targetHints":{"allow":["GET"]}}],"collection":[{"href":"https:\/\/archive.sana.sy\/tr\/index.php?rest_route=\/wp\/v2\/posts"}],"about":[{"href":"https:\/\/archive.sana.sy\/tr\/index.php?rest_route=\/wp\/v2\/types\/post"}],"author":[{"embeddable":true,"href":"https:\/\/archive.sana.sy\/tr\/index.php?rest_route=\/wp\/v2\/users\/1"}],"replies":[{"embeddable":true,"href":"https:\/\/archive.sana.sy\/tr\/index.php?rest_route=%2Fwp%2Fv2%2Fcomments&post=92784"}],"version-history":[{"count":0,"href":"https:\/\/archive.sana.sy\/tr\/index.php?rest_route=\/wp\/v2\/posts\/92784\/revisions"}],"wp:featuredmedia":[{"embeddable":true,"href":"https:\/\/archive.sana.sy\/tr\/index.php?rest_route=\/wp\/v2\/media\/92801"}],"wp:attachment":[{"href":"https:\/\/archive.sana.sy\/tr\/index.php?rest_route=%2Fwp%2Fv2%2Fmedia&parent=92784"}],"wp:term":[{"taxonomy":"category","embeddable":true,"href":"https:\/\/archive.sana.sy\/tr\/index.php?rest_route=%2Fwp%2Fv2%2Fcategories&post=92784"},{"taxonomy":"post_tag","embeddable":true,"href":"https:\/\/archive.sana.sy\/tr\/index.php?rest_route=%2Fwp%2Fv2%2Ftags&post=92784"}],"curies":[{"name":"wp","href":"https:\/\/api.w.org\/{rel}","templated":true}]}}