{"id":92789,"date":"2016-10-27T13:00:26","date_gmt":"2016-10-27T10:00:26","guid":{"rendered":"http:\/\/www.sana.sy\/tr\/?p=92789"},"modified":"2016-10-27T13:37:48","modified_gmt":"2016-10-27T10:37:48","slug":"sana-muhabiri-halepin-dogusunda-bulunan-ve-kimi-devletler-tarafindan-ilimli-muhalifler-adi-verilen-azili-teroristlerin-sehba-semtindeki-vataniye-ilkogretim-okuluna-saldirila","status":"publish","type":"post","link":"https:\/\/archive.sana.sy\/tr\/?p=92789","title":{"rendered":"SANA muhabiri Halep\u2019in do\u011fusunda bulunan ve kimi devletler taraf\u0131ndan \u2018\u0131l\u0131ml\u0131 muhalifler\u2019 ad\u0131 verilen az\u0131l\u0131 ter\u00f6ristlerin \u015eehba Semtindeki Vataniye ilk\u00f6\u011fretim okuluna sald\u0131r\u0131lar\u0131nda \u015fehit d\u00fc\u015fen \u00e7ocuklar\u0131n say\u0131s\u0131n\u0131n 6, yaral\u0131 say\u0131s\u0131n\u0131n ise 15\u2019e y\u00fckseldi\u011fini aktard\u0131"},"content":{"rendered":"<p>SANA muhabiri Halep\u2019in do\u011fusunda bulunan ve kimi devletler taraf\u0131ndan \u2018\u0131l\u0131ml\u0131 muhalifler\u2019 ad\u0131 verilen az\u0131l\u0131 ter\u00f6ristlerin \u015eehba Semtindeki Vataniye ilk\u00f6\u011fretim okuluna sald\u0131r\u0131lar\u0131nda \u015fehit d\u00fc\u015fen \u00e7ocuklar\u0131n say\u0131s\u0131n\u0131n 6, yaral\u0131 say\u0131s\u0131n\u0131n ise 15\u2019e y\u00fckseldi\u011fini aktard\u0131<\/p>\n","protected":false},"excerpt":{"rendered":"<p>SANA muhabiri Halep\u2019in do\u011fusunda bulunan ve kimi devletler taraf\u0131ndan \u2018\u0131l\u0131ml\u0131 muhalifler\u2019 ad\u0131 verilen az\u0131l\u0131 ter\u00f6ristlerin \u015eehba Semtindeki Vataniye ilk\u00f6\u011fretim okuluna sald\u0131r\u0131lar\u0131nda \u015fehit d\u00fc\u015fen \u00e7ocuklar\u0131n say\u0131s\u0131n\u0131n 6, yaral\u0131 say\u0131s\u0131n\u0131n ise 15\u2019e y\u00fckseldi\u011fini aktard\u0131<\/p>\n","protected":false},"author":1,"featured_media":0,"comment_status":"closed","ping_status":"closed","sticky":false,"template":"","format":"standard","meta":{"footnotes":""},"categories":[17991],"tags":[],"class_list":["post-92789","post","type-post","status-publish","format-standard","","category-son-dakika"],"_links":{"self":[{"href":"https:\/\/archive.sana.sy\/tr\/index.php?rest_route=\/wp\/v2\/posts\/92789","targetHints":{"allow":["GET"]}}],"collection":[{"href":"https:\/\/archive.sana.sy\/tr\/index.php?rest_route=\/wp\/v2\/posts"}],"about":[{"href":"https:\/\/archive.sana.sy\/tr\/index.php?rest_route=\/wp\/v2\/types\/post"}],"author":[{"embeddable":true,"href":"https:\/\/archive.sana.sy\/tr\/index.php?rest_route=\/wp\/v2\/users\/1"}],"replies":[{"embeddable":true,"href":"https:\/\/archive.sana.sy\/tr\/index.php?rest_route=%2Fwp%2Fv2%2Fcomments&post=92789"}],"version-history":[{"count":0,"href":"https:\/\/archive.sana.sy\/tr\/index.php?rest_route=\/wp\/v2\/posts\/92789\/revisions"}],"wp:attachment":[{"href":"https:\/\/archive.sana.sy\/tr\/index.php?rest_route=%2Fwp%2Fv2%2Fmedia&parent=92789"}],"wp:term":[{"taxonomy":"category","embeddable":true,"href":"https:\/\/archive.sana.sy\/tr\/index.php?rest_route=%2Fwp%2Fv2%2Fcategories&post=92789"},{"taxonomy":"post_tag","embeddable":true,"href":"https:\/\/archive.sana.sy\/tr\/index.php?rest_route=%2Fwp%2Fv2%2Ftags&post=92789"}],"curies":[{"name":"wp","href":"https:\/\/api.w.org\/{rel}","templated":true}]}}