{"id":92827,"date":"2016-10-27T12:00:18","date_gmt":"2016-10-27T09:00:18","guid":{"rendered":"http:\/\/www.sana.sy\/tr\/?p=92827"},"modified":"2016-10-28T15:35:28","modified_gmt":"2016-10-28T13:35:28","slug":"mikro-yatirim-projelerini-finanse-etme-fonlarinin-butcesi-arttirildi","status":"publish","type":"post","link":"https:\/\/archive.sana.sy\/tr\/?p=92827","title":{"rendered":"Mikro Yat\u0131r\u0131m Projelerini Finanse Etme Fonlar\u0131n\u0131n B\u00fct\u00e7esi Artt\u0131r\u0131ld\u0131"},"content":{"rendered":"<p>S\u00dcVEYDA \u2013 Yurt genelinde dar gelirli ailelere daimi bir gelir sa\u011flama ama\u00e7l\u0131 olarak ba\u015flat\u0131lan Projem Program\u0131 kapsam\u0131nda S\u00fcveyda ilinde mikro yat\u0131r\u0131m projelerini finanse eden 9 fonun b\u00fct\u00e7eleri artt\u0131r\u0131ld\u0131.<\/p>\n<p>S\u00fcveyda \u0130linde Kalk\u0131nma Ofisi M\u00fcd\u00fcr\u00fc Firas Biayni bug\u00fcn SANA\u2019ya yapt\u0131\u011f\u0131 a\u00e7\u0131klamada; Suriye Kalk\u0131nma Sekretaryas\u0131n\u0131n il k\u0131rsal\u0131nda faaliyet g\u00f6steren 9 fonun her birine 15,5 milyon lira ek b\u00fct\u00e7e ay\u0131rd\u0131\u011f\u0131n\u0131 a\u00e7\u0131klad\u0131. Biayni fonlar\u0131n verdi\u011fi hizmet ve vatanda\u015flar\u0131n artan talepleri sonucunda bu y\u0131l S\u00fcveyda k\u0131rsal\u0131nda b\u00fct\u00e7eleri artt\u0131r\u0131lan fon say\u0131s\u0131n\u0131n 50\u2019yi a\u015ft\u0131\u011f\u0131n\u0131 kaydetti.<\/p>\n<p>K\u00fc\u00e7\u00fck \u00e7apl\u0131 yat\u0131r\u0131m projeleri ya da \u00f6\u011fretim ama\u00e7l\u0131 olarak il k\u0131rsal\u0131nda bulunan 117 fondan \u015fu ana dek yakla\u015f\u0131k 11 bin vatanda\u015f\u0131n faydaland\u0131\u011f\u0131n\u0131 belirten Biayni; bu vatanda\u015flara toplam 750 milyon lira finans sa\u011fland\u0131\u011f\u0131n\u0131 a\u00e7\u0131klad\u0131.<\/p>\n","protected":false},"excerpt":{"rendered":"<p>S\u00dcVEYDA \u2013 Yurt genelinde dar gelirli ailelere daimi bir gelir sa\u011flama ama\u00e7l\u0131 olarak ba\u015flat\u0131lan Projem Program\u0131 kapsam\u0131nda S\u00fcveyda ilinde mikro yat\u0131r\u0131m projelerini finanse eden 9 fonun b\u00fct\u00e7eleri artt\u0131r\u0131ld\u0131. S\u00fcveyda \u0130linde Kalk\u0131nma Ofisi M\u00fcd\u00fcr\u00fc Firas Biayni bug\u00fcn SANA\u2019ya yapt\u0131\u011f\u0131 a\u00e7\u0131klamada; Suriye Kalk\u0131nma Sekretaryas\u0131n\u0131n il k\u0131rsal\u0131nda faaliyet g\u00f6steren 9 fonun her birine 15,5 milyon lira ek b\u00fct\u00e7e &hellip;<\/p>\n","protected":false},"author":1,"featured_media":92829,"comment_status":"closed","ping_status":"closed","sticky":false,"template":"","format":"standard","meta":{"footnotes":""},"categories":[485,541,486,17988,538],"tags":[24932,24934,24933,16830,24935],"class_list":["post-92827","post","type-post","status-publish","format-standard","has-post-thumbnail","","category-is-ve-sermaye","category-haberler","category-haberler-is-ve-sermaye","category-son-haberler","category-yasam","tag-dar-gelirli-ailelere-daimi-bir-gelir-saglama","tag-mikro-olcekli-yatirim-projeleri","tag-projem-programi","tag-suriye-kalkinma-sekretaryasi","tag-yatirim-projelerine-destek"],"_links":{"self":[{"href":"https:\/\/archive.sana.sy\/tr\/index.php?rest_route=\/wp\/v2\/posts\/92827","targetHints":{"allow":["GET"]}}],"collection":[{"href":"https:\/\/archive.sana.sy\/tr\/index.php?rest_route=\/wp\/v2\/posts"}],"about":[{"href":"https:\/\/archive.sana.sy\/tr\/index.php?rest_route=\/wp\/v2\/types\/post"}],"author":[{"embeddable":true,"href":"https:\/\/archive.sana.sy\/tr\/index.php?rest_route=\/wp\/v2\/users\/1"}],"replies":[{"embeddable":true,"href":"https:\/\/archive.sana.sy\/tr\/index.php?rest_route=%2Fwp%2Fv2%2Fcomments&post=92827"}],"version-history":[{"count":0,"href":"https:\/\/archive.sana.sy\/tr\/index.php?rest_route=\/wp\/v2\/posts\/92827\/revisions"}],"wp:featuredmedia":[{"embeddable":true,"href":"https:\/\/archive.sana.sy\/tr\/index.php?rest_route=\/wp\/v2\/media\/92829"}],"wp:attachment":[{"href":"https:\/\/archive.sana.sy\/tr\/index.php?rest_route=%2Fwp%2Fv2%2Fmedia&parent=92827"}],"wp:term":[{"taxonomy":"category","embeddable":true,"href":"https:\/\/archive.sana.sy\/tr\/index.php?rest_route=%2Fwp%2Fv2%2Fcategories&post=92827"},{"taxonomy":"post_tag","embeddable":true,"href":"https:\/\/archive.sana.sy\/tr\/index.php?rest_route=%2Fwp%2Fv2%2Ftags&post=92827"}],"curies":[{"name":"wp","href":"https:\/\/api.w.org\/{rel}","templated":true}]}}