{"id":92895,"date":"2016-10-28T13:05:50","date_gmt":"2016-10-28T11:05:50","guid":{"rendered":"http:\/\/www.sana.sy\/tr\/?p=92895"},"modified":"2016-10-28T13:05:50","modified_gmt":"2016-10-28T11:05:50","slug":"lavrov-el-muallimle-duzenledigi-ortak-basin-toplantisinda-gorusmelerde-gorusmeler-ve-karsilikli-saygi-temelinde-uluslararasi-hukukun-benimsenmesi-diyalogun-guvenlik-konseyi-kararlarina-dayanarak-bas","status":"publish","type":"post","link":"https:\/\/archive.sana.sy\/tr\/?p=92895","title":{"rendered":"Lavrov el Muallimle d\u00fczenledi\u011fi ortak bas\u0131n toplant\u0131s\u0131nda: G\u00f6r\u00fc\u015fmelerde g\u00f6r\u00fc\u015fmeler ve kar\u015f\u0131l\u0131kl\u0131 sayg\u0131 temelinde uluslararas\u0131 hukukun benimsenmesi, diyalogun g\u00fcvenlik konseyi kararlar\u0131na dayanarak ba\u015flat\u0131lamas\u0131 gerekti\u011fini y\u00f6n\u00fcnde kanaatlerimizi ifade ettik"},"content":{"rendered":"<p>Lavrov el Muallimle d\u00fczenledi\u011fi ortak bas\u0131n toplant\u0131s\u0131nda: G\u00f6r\u00fc\u015fmelerde g\u00f6r\u00fc\u015fmeler ve kar\u015f\u0131l\u0131kl\u0131 sayg\u0131 temelinde uluslararas\u0131 hukukun benimsenmesi, diyalo\u011fun g\u00fcvenlik konseyi kararlar\u0131na dayanarak ba\u015flat\u0131lmas\u0131 gerekti\u011fini y\u00f6n\u00fcnde kanaatlerimizi ifade ettik<\/p>\n","protected":false},"excerpt":{"rendered":"<p>Lavrov el Muallimle d\u00fczenledi\u011fi ortak bas\u0131n toplant\u0131s\u0131nda: G\u00f6r\u00fc\u015fmelerde g\u00f6r\u00fc\u015fmeler ve kar\u015f\u0131l\u0131kl\u0131 sayg\u0131 temelinde uluslararas\u0131 hukukun benimsenmesi, diyalo\u011fun g\u00fcvenlik konseyi kararlar\u0131na dayanarak ba\u015flat\u0131lmas\u0131 gerekti\u011fini y\u00f6n\u00fcnde kanaatlerimizi ifade ettik<\/p>\n","protected":false},"author":1,"featured_media":0,"comment_status":"closed","ping_status":"closed","sticky":false,"template":"","format":"standard","meta":{"footnotes":""},"categories":[1],"tags":[],"class_list":["post-92895","post","type-post","status-publish","format-standard","","category-news-not-sorted"],"_links":{"self":[{"href":"https:\/\/archive.sana.sy\/tr\/index.php?rest_route=\/wp\/v2\/posts\/92895","targetHints":{"allow":["GET"]}}],"collection":[{"href":"https:\/\/archive.sana.sy\/tr\/index.php?rest_route=\/wp\/v2\/posts"}],"about":[{"href":"https:\/\/archive.sana.sy\/tr\/index.php?rest_route=\/wp\/v2\/types\/post"}],"author":[{"embeddable":true,"href":"https:\/\/archive.sana.sy\/tr\/index.php?rest_route=\/wp\/v2\/users\/1"}],"replies":[{"embeddable":true,"href":"https:\/\/archive.sana.sy\/tr\/index.php?rest_route=%2Fwp%2Fv2%2Fcomments&post=92895"}],"version-history":[{"count":0,"href":"https:\/\/archive.sana.sy\/tr\/index.php?rest_route=\/wp\/v2\/posts\/92895\/revisions"}],"wp:attachment":[{"href":"https:\/\/archive.sana.sy\/tr\/index.php?rest_route=%2Fwp%2Fv2%2Fmedia&parent=92895"}],"wp:term":[{"taxonomy":"category","embeddable":true,"href":"https:\/\/archive.sana.sy\/tr\/index.php?rest_route=%2Fwp%2Fv2%2Fcategories&post=92895"},{"taxonomy":"post_tag","embeddable":true,"href":"https:\/\/archive.sana.sy\/tr\/index.php?rest_route=%2Fwp%2Fv2%2Ftags&post=92895"}],"curies":[{"name":"wp","href":"https:\/\/api.w.org\/{rel}","templated":true}]}}