{"id":92897,"date":"2016-10-28T13:07:34","date_gmt":"2016-10-28T11:07:34","guid":{"rendered":"http:\/\/www.sana.sy\/tr\/?p=92897"},"modified":"2016-10-28T13:07:03","modified_gmt":"2016-10-28T11:07:03","slug":"lavrov-suriyede-terorle-mucadeleye-devam-ediyoruz-uclu-gorusmede-bu-yonde-atacagimiz-ortak-adimlari-ele-aldik","status":"publish","type":"post","link":"https:\/\/archive.sana.sy\/tr\/?p=92897","title":{"rendered":"Lavrov: Suriye\u2019de ter\u00f6rle m\u00fccadeleye devam ediyoruz. \u00dc\u00e7l\u00fc g\u00f6r\u00fc\u015fmede bu y\u00f6nde ataca\u011f\u0131m\u0131z ortak ad\u0131mlar\u0131 ele ald\u0131k"},"content":{"rendered":"<p>Lavrov: Suriye\u2019de ter\u00f6rle m\u00fccadeleye devam ediyoruz. \u00dc\u00e7l\u00fc g\u00f6r\u00fc\u015fmede bu y\u00f6nde ataca\u011f\u0131m\u0131z ortak ad\u0131mlar\u0131 ele ald\u0131k<\/p>\n","protected":false},"excerpt":{"rendered":"<p>Lavrov: Suriye\u2019de ter\u00f6rle m\u00fccadeleye devam ediyoruz. \u00dc\u00e7l\u00fc g\u00f6r\u00fc\u015fmede bu y\u00f6nde ataca\u011f\u0131m\u0131z ortak ad\u0131mlar\u0131 ele ald\u0131k<\/p>\n","protected":false},"author":1,"featured_media":0,"comment_status":"closed","ping_status":"closed","sticky":false,"template":"","format":"standard","meta":{"footnotes":""},"categories":[17991],"tags":[],"class_list":["post-92897","post","type-post","status-publish","format-standard","","category-son-dakika"],"_links":{"self":[{"href":"https:\/\/archive.sana.sy\/tr\/index.php?rest_route=\/wp\/v2\/posts\/92897","targetHints":{"allow":["GET"]}}],"collection":[{"href":"https:\/\/archive.sana.sy\/tr\/index.php?rest_route=\/wp\/v2\/posts"}],"about":[{"href":"https:\/\/archive.sana.sy\/tr\/index.php?rest_route=\/wp\/v2\/types\/post"}],"author":[{"embeddable":true,"href":"https:\/\/archive.sana.sy\/tr\/index.php?rest_route=\/wp\/v2\/users\/1"}],"replies":[{"embeddable":true,"href":"https:\/\/archive.sana.sy\/tr\/index.php?rest_route=%2Fwp%2Fv2%2Fcomments&post=92897"}],"version-history":[{"count":0,"href":"https:\/\/archive.sana.sy\/tr\/index.php?rest_route=\/wp\/v2\/posts\/92897\/revisions"}],"wp:attachment":[{"href":"https:\/\/archive.sana.sy\/tr\/index.php?rest_route=%2Fwp%2Fv2%2Fmedia&parent=92897"}],"wp:term":[{"taxonomy":"category","embeddable":true,"href":"https:\/\/archive.sana.sy\/tr\/index.php?rest_route=%2Fwp%2Fv2%2Fcategories&post=92897"},{"taxonomy":"post_tag","embeddable":true,"href":"https:\/\/archive.sana.sy\/tr\/index.php?rest_route=%2Fwp%2Fv2%2Ftags&post=92897"}],"curies":[{"name":"wp","href":"https:\/\/api.w.org\/{rel}","templated":true}]}}