{"id":92899,"date":"2016-10-28T13:10:51","date_gmt":"2016-10-28T11:10:51","guid":{"rendered":"http:\/\/www.sana.sy\/tr\/?p=92899"},"modified":"2016-10-28T13:10:51","modified_gmt":"2016-10-28T11:10:51","slug":"lavrov-dis-aktorler-suriye-halkinin-insani-trajedisini-sahsi-amaclari-icin-kullaniyor","status":"publish","type":"post","link":"https:\/\/archive.sana.sy\/tr\/?p=92899","title":{"rendered":"Lavrov: D\u0131\u015f akt\u00f6rler, Suriye halk\u0131n\u0131n insani trajedisini \u015fahsi ama\u00e7lar\u0131 i\u00e7in kullan\u0131yor"},"content":{"rendered":"<p>Lavrov: D\u0131\u015f akt\u00f6rler, Suriye halk\u0131n\u0131n insani trajedisini \u015fahsi ama\u00e7lar\u0131 i\u00e7in kullan\u0131yor<\/p>\n","protected":false},"excerpt":{"rendered":"<p>Lavrov: D\u0131\u015f akt\u00f6rler, Suriye halk\u0131n\u0131n insani trajedisini \u015fahsi ama\u00e7lar\u0131 i\u00e7in kullan\u0131yor<\/p>\n","protected":false},"author":1,"featured_media":0,"comment_status":"closed","ping_status":"closed","sticky":false,"template":"","format":"standard","meta":{"footnotes":""},"categories":[17991],"tags":[],"class_list":["post-92899","post","type-post","status-publish","format-standard","","category-son-dakika"],"_links":{"self":[{"href":"https:\/\/archive.sana.sy\/tr\/index.php?rest_route=\/wp\/v2\/posts\/92899","targetHints":{"allow":["GET"]}}],"collection":[{"href":"https:\/\/archive.sana.sy\/tr\/index.php?rest_route=\/wp\/v2\/posts"}],"about":[{"href":"https:\/\/archive.sana.sy\/tr\/index.php?rest_route=\/wp\/v2\/types\/post"}],"author":[{"embeddable":true,"href":"https:\/\/archive.sana.sy\/tr\/index.php?rest_route=\/wp\/v2\/users\/1"}],"replies":[{"embeddable":true,"href":"https:\/\/archive.sana.sy\/tr\/index.php?rest_route=%2Fwp%2Fv2%2Fcomments&post=92899"}],"version-history":[{"count":0,"href":"https:\/\/archive.sana.sy\/tr\/index.php?rest_route=\/wp\/v2\/posts\/92899\/revisions"}],"wp:attachment":[{"href":"https:\/\/archive.sana.sy\/tr\/index.php?rest_route=%2Fwp%2Fv2%2Fmedia&parent=92899"}],"wp:term":[{"taxonomy":"category","embeddable":true,"href":"https:\/\/archive.sana.sy\/tr\/index.php?rest_route=%2Fwp%2Fv2%2Fcategories&post=92899"},{"taxonomy":"post_tag","embeddable":true,"href":"https:\/\/archive.sana.sy\/tr\/index.php?rest_route=%2Fwp%2Fv2%2Ftags&post=92899"}],"curies":[{"name":"wp","href":"https:\/\/api.w.org\/{rel}","templated":true}]}}