{"id":9296,"date":"2014-09-08T10:28:39","date_gmt":"2014-09-08T07:28:39","guid":{"rendered":"http:\/\/www.sana.sy\/tr\/?p=9296"},"modified":"2014-09-08T11:10:06","modified_gmt":"2014-09-08T08:10:06","slug":"terore-karsi-mucadele-basariyla-suruyor","status":"publish","type":"post","link":"https:\/\/archive.sana.sy\/tr\/?p=9296","title":{"rendered":"Ter\u00f6re Kar\u015f\u0131 M\u00fccadele Ba\u015far\u0131yla S\u00fcr\u00fcyor"},"content":{"rendered":"<p>\u0130LLER \u2013 Kahraman ordu birliklerimiz \u00fclkenin genelinde ter\u00f6re kar\u015f\u0131 s\u00fcrd\u00fcrd\u00fckleri m\u00fccadelede ba\u015far\u0131lar\u0131n\u0131 s\u00fcrd\u00fcrerek bug\u00fcn de ter\u00f6ristlere b\u00fcy\u00fck be\u015feri ve lojistik kay\u0131plar verdirdiler.<\/p>\n<p><span style=\"color: #0000ff\">\u015eam K\u0131rsal\u0131nda Ter\u00f6r Yuvalar\u0131 ve Karargahlar\u0131na Operasyonlar S\u00fcr\u00fcyor<\/span><\/p>\n<p>Askeri kaynak ordu birliklerimizin Cobar, Ayn Terma Vadisi ve Esvak el Hayr (Hay\u0131r Pazarlar\u0131) b\u00f6lgelerinde tekfirci ve hain ter\u00f6r \u00e7etelerinin yuva ve karargahlar\u0131n\u0131 hedef almaya devam ettiklerini belirtti. Kaynak operasyonlarda ter\u00f6ristlerin say\u0131 ve te\u00e7hizatlar\u0131yla a\u011f\u0131r kay\u0131plara u\u011frat\u0131ld\u0131klar\u0131n\u0131 aktar\u0131rken, bir\u00e7ok ara\u00e7lar\u0131n\u0131n da imha edildi\u011fini s\u00f6yledi.<\/p>\n<p>Cobar operasyonlar\u0131ndan:<\/p>\n<div style=\"width: 618px;\" class=\"wp-video\"><!--[if lt IE 9]><script>document.createElement('video');<\/script><![endif]-->\n<video class=\"wp-video-shortcode\" id=\"video-9296-1\" width=\"618\" height=\"348\" preload=\"metadata\" controls=\"controls\"><source type=\"video\/x-flv\" src=\"http:\/\/www.sana.sy\/tr\/wp-content\/uploads\/2014\/09\/Ordu-Birlikleri-Cobarda.flv?_=1\" \/><a href=\"http:\/\/www.sana.sy\/tr\/wp-content\/uploads\/2014\/09\/Ordu-Birlikleri-Cobarda.flv\">http:\/\/www.sana.sy\/tr\/wp-content\/uploads\/2014\/09\/Ordu-Birlikleri-Cobarda.flv<\/a><\/video><\/div>\n<p>Kaynak ordu birliklerimizin ayn\u0131 zamanda \u015eam k\u0131rsal\u0131 Han el \u015eih ve civar\u0131ndaki \u00e7iftliklerin yan\u0131 s\u0131ra H\u00fcseyniye Beldesi yak\u0131nlar\u0131ndaki tar\u0131m arazilerinde ter\u00f6ristlerin yuva ve k\u00fcmelenme yerlerini hedef alarak \u00e7ok say\u0131da ter\u00f6risti ara\u00e7lar\u0131yla birlikte etkisiz hale getirdiklerini s\u00f6yledi. arazileri,<\/p>\n<p><span style=\"color: #0000ff\">Kunaytra K\u0131rsal\u0131nda K\u00fcmelenme Yerleri \u0130mha Edildi<\/span><\/p>\n<p>Ordu birliklerimiz Kunaytra k\u0131rsal\u0131n\u0131n Meshara Beldesi ve Tel Meshara, Nebi el Sahr, Hucca Beldesi, Ayn el Pa\u015fa ve Sahm el Golan b\u00f6lgelerinde ter\u00f6ristlerin k\u00fcmelenme yerlerini hedef alaak \u00e7ok say\u0131da ter\u00f6risti \u00f6l\u00fc yaral\u0131 d\u00fc\u015f\u00fcrd\u00fc.<\/p>\n<p><span style=\"color: #0000ff\">Lazkiye K\u0131rsal\u0131nda F\u00fcze Cephaneleri ve Ara\u00e7lar\u0131 \u0130mha Edildi<\/span><\/p>\n<p>Askeri kaynak ordu birliklerimizin Lazkiye k\u0131rsal\u0131n\u0131n kuzeyinde Tveyrki, Dru\u015fan, Mecdel Kiyhya, Tirtyah, Rebia, Ravda ve Zahi Da\u011f\u0131 b\u00f6lgelerinde ter\u00f6ristlerin yuva ve k\u00fcmelenme yerlerini nitelikli operasyonlarla hedef ald\u0131klar\u0131n\u0131 belirtti.<\/p>\n<p>Kaynak operasyonlarda \u00e7ok say\u0131da ter\u00f6ristin \u00f6l\u00fc yaral\u0131 d\u00fc\u015f\u00fcr\u00fcld\u00fc\u011f\u00fcn\u00fc, bir f\u00fcze cephane depolar\u0131, a\u011f\u0131r makineli silahlarla donat\u0131lm\u0131\u015f bir\u00e7ok ara\u00e7lar\u0131n\u0131n yan\u0131 s\u0131ra iki havan toplar\u0131n\u0131n imha edildi\u011fini aktard\u0131.<\/p>\n<p><span style=\"color: #0000ff\">\u0130dib K\u0131rsal\u0131nda \u00c7ok Say\u0131da Ter\u00f6rist \u00d6ld\u00fcr\u00fcld\u00fc<\/span><\/p>\n<p>\u0130dlib K\u0131rsal\u0131n\u0131n Babulin, Kalb el Vezze, Deyr S\u00fcnb\u00fcl, Kefer Secne, Babila, Muarrat el Numan ve Han Sebil b\u00f6lgelerinde d\u00fczenlenen operasyonlarda bir\u00e7ok ter\u00f6ristin \u00f6ld\u00fcr\u00fcld\u00fc\u011f\u00fcne i\u015faret eden kaynak ayr\u0131ca ter\u00f6ristlere ait b\u00fcy\u00fck miktarda silah ve m\u00fchimmat\u0131n imha edildi\u011fini aktard\u0131.<\/p>\n<p>Muarratelnuman b\u00f6lgesinin Cerenaz nahiyesi, serakib, Hantutin ve Ahsem b\u00f6lgelerinde arlar\u0131nda az\u0131l\u0131 eleba\u015f\u0131lar da bulunan \u00e7ok say\u0131da ter\u00f6ristin \u00f6l\u00fc ve yaral\u0131 d\u00fc\u015f\u00fcr\u00fcld\u00fc\u011f\u00fcn\u00fc ifade eden kaynak ter\u00f6ristlerin havzas\u0131nda bulunan silah ve m\u00fchimmat\u0131n yok edildi\u011fini ekledi.<\/p>\n<p>\u0130dlib k\u0131rsal\u0131 Serakib Kasabas\u0131n\u0131n kuzeydo\u011fusunda ter\u00f6ristlerin bir karargah\u0131n\u0131 hedef alan ordu birliklerimiz \u00e7ok say\u0131da ter\u00f6risti \u00f6l\u00fc yaral\u0131 d\u00fc\u015f\u00fcrd\u00fc.<\/p>\n<p><span style=\"color: #0000ff\">Dera ve K\u0131rsal\u0131nda Ter\u00f6ristlere B\u00fcy\u00fck Kay\u0131plar Verdirildi<\/span><\/p>\n<p>Askeri bir kaynak kahraman ordu birliklerimizin Dera K\u0131rsal\u0131n\u0131n Yaduda-Etman yolu, Tafas, Verdat, Cenin, Daal ve Tel Zater b\u00f6lgelerinde d\u00fczenledikleri nitelikli operasyonlar sonucunda \u00e7ok say\u0131da ter\u00f6risti \u00f6l\u00fc ve yaral\u0131 d\u00fc\u015f\u00fcrd\u00fcklerini dile getirdi.<\/p>\n<p>Kaynak ayr\u0131ca buralarda ter\u00f6ristlere ait \u00e7ok say\u0131da arac\u0131 i\u00e7indeki ter\u00f6rist ve m\u00fchimmatlarla birlikte yok ettiklerini belirtti.<\/p>\n<p>Dera Beled\u2019in Kerk Semtinde d\u00fczenlenen bir operasyonda \u00e7ok say\u0131da ter\u00f6ristin \u00f6l\u00fc ve yaral\u0131 d\u00fc\u015f\u00fcr\u00fcld\u00fc\u011f\u00fcne i\u015faret eden kaynak; ayr\u0131ca ter\u00f6ristlere ait b\u00fcy\u00fck miktarda silah ve m\u00fchimmat\u0131n imha edildi\u011fini ekledi.<\/p>\n<p>Dera K\u0131rsal\u0131nda S\u00fcveyda il s\u0131n\u0131rlar\u0131 yak\u0131nlar\u0131nda meydana gelen \u00e7at\u0131\u015fmada ter\u00f6ristlere ait iki arac\u0131n imha edildi\u011fine de\u011finen kaynak ara\u00e7larda bulunan ter\u00f6ristlerin de \u00f6l\u00fc olarak ele ge\u00e7irildi\u011fini beyan etti.<\/p>\n<p><span style=\"color: #0000ff\">Halep ve K\u0131rsal\u0131nda Ter\u00f6ristlere Ait Ara\u00e7lar Yok Edildi<\/span><\/p>\n<p>Halep ve K\u0131rsal\u0131n\u0131n Bab\u0131yd, \u015eamer, Abt\u0131yn, el Atarib, Kefer Kermin, Um Kura, el \u015ee\u015fba Baraj\u0131,Tadof, Andan ve Mansura b\u00f6lgelerinde bir\u00e7ok ter\u00f6r yuvas\u0131n\u0131 yok ettiklerini dile getiren kaynak buralarda meydana gelen \u00e7at\u0131\u015fmalarda onlarca ter\u00f6ristin \u00f6l\u00fc ve yaral\u0131 olarak ele ge\u00e7irildi\u011fini belirtti.<\/p>\n<p>Halep K\u0131rsal\u0131nda; Cendul Bulvar\u0131, Te\u015frin Baraj\u0131, \u015eerbee ve Ebu Kalkal b\u00f6lgelerinde d\u00fczenlenen operasyonlarda ter\u00f6ristlere ait 8 arac\u0131n imha edildi\u011fine dikkat \u00e7eken kaynak; ara\u00e7larda bulunan ter\u00f6ristlerin de t\u00fcm\u00fcn\u00fcn \u00f6ld\u00fcr\u00fcld\u00fc\u011f\u00fcn\u00fc vurgulad\u0131.<\/p>\n<p><span style=\"color: #0000ff\">Homs K\u0131rsal\u0131nda G\u00fcvenli B\u00f6lgelere S\u0131zmaya \u00c7al\u0131\u015fan Ter\u00f6ristler Bertaraf Edildi<\/span><\/p>\n<p>Kaynak Homs K\u0131rsal\u0131n\u0131n Asmad ve Um Heriytan k\u00f6ylerine s\u0131zmaya \u00e7al\u0131\u015fan ter\u00f6ristlerle kahraman birliklerimiz aras\u0131nda \u015fiddetli \u00e7at\u0131\u015fmalar meydana geldi\u011fini ifade eden kaynak \u00e7at\u0131\u015fmalarda ter\u00f6ristlerin b\u00fcy\u00fck bir k\u0131sm\u0131n\u0131n \u00f6l\u00fc ve yaral\u0131 d\u00fc\u015f\u00fcr\u00fcld\u00fc\u011f\u00fcn\u00fc ibraz etti.<\/p>\n<p>Ferhaniye K\u00f6y\u00fcnde d\u00fczenlenen bir operasyon sonucunda ter\u00f6ristlere ait a\u011f\u0131r makineli silahlarla donat\u0131lm\u0131\u015f bir iki ara\u00e7 imha edildi\u011fine de\u011finen kaynak Um Sahric ve Ebu Havadid k\u00f6ylerinde d\u00fczenlenen operasyonlarda bir\u00e7ok ter\u00f6r yuvas\u0131n\u0131n yok edildi\u011fini aktard\u0131.<\/p>\n<p>Kaynak ayr\u0131ca Ksayr K\u0131rsal\u0131nda el Semremer Vadisi, Huvla\u2019da Teldo Elektrik Santrali yak\u0131nlar\u0131 ve Um \u015eer\u015fuh b\u00f6lgelerinde d\u00fczenlenen operasyonlarda ter\u00f6ristlere ait bir\u00e7ok roket atar ve roket mermisinin imha edildi\u011fini belirtti.<\/p>\n","protected":false},"excerpt":{"rendered":"<p>\u0130LLER \u2013 Kahraman ordu birliklerimiz \u00fclkenin genelinde ter\u00f6re kar\u015f\u0131 s\u00fcrd\u00fcrd\u00fckleri m\u00fccadelede ba\u015far\u0131lar\u0131n\u0131 s\u00fcrd\u00fcrerek bug\u00fcn de ter\u00f6ristlere b\u00fcy\u00fck be\u015feri ve lojistik kay\u0131plar verdirdiler. \u015eam K\u0131rsal\u0131nda Ter\u00f6r Yuvalar\u0131 ve Karargahlar\u0131na Operasyonlar S\u00fcr\u00fcyor Askeri kaynak ordu birliklerimizin Cobar, Ayn Terma Vadisi ve Esvak el Hayr (Hay\u0131r Pazarlar\u0131) b\u00f6lgelerinde tekfirci ve hain ter\u00f6r \u00e7etelerinin yuva ve karargahlar\u0131n\u0131 hedef almaya &hellip;<\/p>\n","protected":false},"author":1,"featured_media":9297,"comment_status":"closed","ping_status":"closed","sticky":false,"template":"","format":"standard","meta":{"footnotes":""},"categories":[575],"tags":[2093],"class_list":["post-9296","post","type-post","status-publish","format-standard","has-post-thumbnail","","category-olaylar-ve-gercekler","tag-terore-karsi-mucadele-basariyla-suruyor"],"_links":{"self":[{"href":"https:\/\/archive.sana.sy\/tr\/index.php?rest_route=\/wp\/v2\/posts\/9296","targetHints":{"allow":["GET"]}}],"collection":[{"href":"https:\/\/archive.sana.sy\/tr\/index.php?rest_route=\/wp\/v2\/posts"}],"about":[{"href":"https:\/\/archive.sana.sy\/tr\/index.php?rest_route=\/wp\/v2\/types\/post"}],"author":[{"embeddable":true,"href":"https:\/\/archive.sana.sy\/tr\/index.php?rest_route=\/wp\/v2\/users\/1"}],"replies":[{"embeddable":true,"href":"https:\/\/archive.sana.sy\/tr\/index.php?rest_route=%2Fwp%2Fv2%2Fcomments&post=9296"}],"version-history":[{"count":0,"href":"https:\/\/archive.sana.sy\/tr\/index.php?rest_route=\/wp\/v2\/posts\/9296\/revisions"}],"wp:featuredmedia":[{"embeddable":true,"href":"https:\/\/archive.sana.sy\/tr\/index.php?rest_route=\/wp\/v2\/media\/9297"}],"wp:attachment":[{"href":"https:\/\/archive.sana.sy\/tr\/index.php?rest_route=%2Fwp%2Fv2%2Fmedia&parent=9296"}],"wp:term":[{"taxonomy":"category","embeddable":true,"href":"https:\/\/archive.sana.sy\/tr\/index.php?rest_route=%2Fwp%2Fv2%2Fcategories&post=9296"},{"taxonomy":"post_tag","embeddable":true,"href":"https:\/\/archive.sana.sy\/tr\/index.php?rest_route=%2Fwp%2Fv2%2Ftags&post=9296"}],"curies":[{"name":"wp","href":"https:\/\/api.w.org\/{rel}","templated":true}]}}