{"id":9301,"date":"2014-09-07T14:16:19","date_gmt":"2014-09-07T11:16:19","guid":{"rendered":"http:\/\/www.sana.sy\/tr\/?p=9301"},"modified":"2014-09-07T14:16:19","modified_gmt":"2014-09-07T11:16:19","slug":"abd-iside-karsi-savasta-ciddi-degildir","status":"publish","type":"post","link":"https:\/\/archive.sana.sy\/tr\/?p=9301","title":{"rendered":"ABD I\u015e\u0130D\u2019e Kar\u015f\u0131 Sava\u015fta Ciddi De\u011fildir"},"content":{"rendered":"<p>TAHRAN \u2013 \u0130ran D\u0131\u015fi\u015fleri Bakan\u0131 Muhammed Cevat Zarif; ABD\u2019nin, Suriye&#8217;de muhtelif \u015fekillerle destekledi\u011fi I\u015e\u0130D ter\u00f6r \u00f6rg\u00fct\u00fc ile sava\u015fma konusunda ciddi olmad\u0131\u011f\u0131n\u0131 belirtirken, ter\u00f6r ve radikalli\u011fe kar\u015f\u0131 sava\u015f\u0131n uluslar aras\u0131 bir i\u015fbirli\u011fi gerektirdi\u011fine vurgu yapt\u0131.<\/p>\n<p>\u0130ran Televizyonuna bug\u00fcn yapt\u0131\u011f\u0131 a\u00e7\u0131klamada Zarif; Amerikal\u0131lar\u0131n g\u00fcn\u00fcm\u00fcze dek izledikleri \u00e7ifte standartl\u0131 politika nedeniyle I\u015e\u0130D ile m\u00fccadelede yeteri kadar ciddi olmad\u0131klar\u0131n\u0131 s\u00f6yledi.<\/p>\n<p>Zarif Amerikal\u0131lar\u0131n uzun s\u00fcreden beri Suriye&#8217;de I\u015e\u0130D\u2019e muhtelif t\u00fcr destek temin ettiklerine dikkat \u00e7ekerken; bir biri ard\u0131na \u00e7\u0131kard\u0131klar\u0131 sloganlar konusunda ne yapacaklar\u0131 ve nas\u0131l davranacaklar\u0131n\u0131 bilmediklerini ifade etti.<\/p>\n<p>\u0130lk ba\u015fta Irak\u2019a, ard\u0131ndan Suriye&#8217;ye ve daha sonra yine Irak\u2019a b\u00fcy\u00fck bir tehlike te\u015fkil eden I\u015e\u0130D\u2019in t\u00fcm b\u00f6lge ve halklar\u0131na b\u00fcy\u00fck bir tehlike te\u015fkil etti\u011fini bir kez daha ifade eden Zarif; Amerikal\u0131lar\u0131n her \u015feye ra\u011fmen \u015fu ana dek bu tehlikenin ciddiyetini idrak etmediklerini ve bu tehlikeye kar\u015f\u0131 ciddi bir ad\u0131m atmad\u0131klar\u0131n\u0131 s\u00f6yledi.<\/p>\n","protected":false},"excerpt":{"rendered":"<p>TAHRAN \u2013 \u0130ran D\u0131\u015fi\u015fleri Bakan\u0131 Muhammed Cevat Zarif; ABD\u2019nin, Suriye&#8217;de muhtelif \u015fekillerle destekledi\u011fi I\u015e\u0130D ter\u00f6r \u00f6rg\u00fct\u00fc ile sava\u015fma konusunda ciddi olmad\u0131\u011f\u0131n\u0131 belirtirken, ter\u00f6r ve radikalli\u011fe kar\u015f\u0131 sava\u015f\u0131n uluslar aras\u0131 bir i\u015fbirli\u011fi gerektirdi\u011fine vurgu yapt\u0131. \u0130ran Televizyonuna bug\u00fcn yapt\u0131\u011f\u0131 a\u00e7\u0131klamada Zarif; Amerikal\u0131lar\u0131n g\u00fcn\u00fcm\u00fcze dek izledikleri \u00e7ifte standartl\u0131 politika nedeniyle I\u015e\u0130D ile m\u00fccadelede yeteri kadar ciddi olmad\u0131klar\u0131n\u0131 &hellip;<\/p>\n","protected":false},"author":1,"featured_media":9302,"comment_status":"closed","ping_status":"closed","sticky":false,"template":"","format":"standard","meta":{"footnotes":""},"categories":[458,459,447],"tags":[2094],"class_list":["post-9301","post","type-post","status-publish","format-standard","has-post-thumbnail","","category-dunya1","category-haberler-arap-uluslararasi-politika","category-politika","tag-abd-iside-karsi-savasta-ciddi-degildir"],"_links":{"self":[{"href":"https:\/\/archive.sana.sy\/tr\/index.php?rest_route=\/wp\/v2\/posts\/9301","targetHints":{"allow":["GET"]}}],"collection":[{"href":"https:\/\/archive.sana.sy\/tr\/index.php?rest_route=\/wp\/v2\/posts"}],"about":[{"href":"https:\/\/archive.sana.sy\/tr\/index.php?rest_route=\/wp\/v2\/types\/post"}],"author":[{"embeddable":true,"href":"https:\/\/archive.sana.sy\/tr\/index.php?rest_route=\/wp\/v2\/users\/1"}],"replies":[{"embeddable":true,"href":"https:\/\/archive.sana.sy\/tr\/index.php?rest_route=%2Fwp%2Fv2%2Fcomments&post=9301"}],"version-history":[{"count":0,"href":"https:\/\/archive.sana.sy\/tr\/index.php?rest_route=\/wp\/v2\/posts\/9301\/revisions"}],"wp:featuredmedia":[{"embeddable":true,"href":"https:\/\/archive.sana.sy\/tr\/index.php?rest_route=\/wp\/v2\/media\/9302"}],"wp:attachment":[{"href":"https:\/\/archive.sana.sy\/tr\/index.php?rest_route=%2Fwp%2Fv2%2Fmedia&parent=9301"}],"wp:term":[{"taxonomy":"category","embeddable":true,"href":"https:\/\/archive.sana.sy\/tr\/index.php?rest_route=%2Fwp%2Fv2%2Fcategories&post=9301"},{"taxonomy":"post_tag","embeddable":true,"href":"https:\/\/archive.sana.sy\/tr\/index.php?rest_route=%2Fwp%2Fv2%2Ftags&post=9301"}],"curies":[{"name":"wp","href":"https:\/\/api.w.org\/{rel}","templated":true}]}}