{"id":93045,"date":"2016-10-29T12:46:54","date_gmt":"2016-10-29T10:46:54","guid":{"rendered":"http:\/\/www.sana.sy\/tr\/?p=93045"},"modified":"2016-10-29T12:55:26","modified_gmt":"2016-10-29T10:55:26","slug":"rusya-disisleri-bakanligi-moskovanin-suriyedeki-krizin-cozumun-tum-yonlerinde-washington-dahil-olmak-uzere-tum-partnerlerle-isbirligine-acik-oldugunu-belirtti","status":"publish","type":"post","link":"https:\/\/archive.sana.sy\/tr\/?p=93045","title":{"rendered":"Rusya D\u0131\u015fi\u015fleri Bakanl\u0131\u011f\u0131 Moskova\u2019n\u0131n, Suriye&#8217;deki krizin \u00e7\u00f6z\u00fcm\u00fcn t\u00fcm y\u00f6nlerinde Washington dahil olmak \u00fczere t\u00fcm partnerlerle i\u015fbirli\u011fine a\u00e7\u0131k oldu\u011funu belirtti"},"content":{"rendered":"<p>Rusya D\u0131\u015fi\u015fleri Bakanl\u0131\u011f\u0131 Moskova\u2019n\u0131n, Suriye&#8217;deki krizin \u00e7\u00f6z\u00fcm\u00fcn t\u00fcm y\u00f6nlerinde Washington dahil olmak \u00fczere t\u00fcm partnerlerle i\u015fbirli\u011fine a\u00e7\u0131k oldu\u011funu belirtti<\/p>\n","protected":false},"excerpt":{"rendered":"<p>Rusya D\u0131\u015fi\u015fleri Bakanl\u0131\u011f\u0131 Moskova\u2019n\u0131n, Suriye&#8217;deki krizin \u00e7\u00f6z\u00fcm\u00fcn t\u00fcm y\u00f6nlerinde Washington dahil olmak \u00fczere t\u00fcm partnerlerle i\u015fbirli\u011fine a\u00e7\u0131k oldu\u011funu belirtti<\/p>\n","protected":false},"author":1,"featured_media":0,"comment_status":"closed","ping_status":"closed","sticky":false,"template":"","format":"standard","meta":{"footnotes":""},"categories":[17991],"tags":[],"class_list":["post-93045","post","type-post","status-publish","format-standard","","category-son-dakika"],"_links":{"self":[{"href":"https:\/\/archive.sana.sy\/tr\/index.php?rest_route=\/wp\/v2\/posts\/93045","targetHints":{"allow":["GET"]}}],"collection":[{"href":"https:\/\/archive.sana.sy\/tr\/index.php?rest_route=\/wp\/v2\/posts"}],"about":[{"href":"https:\/\/archive.sana.sy\/tr\/index.php?rest_route=\/wp\/v2\/types\/post"}],"author":[{"embeddable":true,"href":"https:\/\/archive.sana.sy\/tr\/index.php?rest_route=\/wp\/v2\/users\/1"}],"replies":[{"embeddable":true,"href":"https:\/\/archive.sana.sy\/tr\/index.php?rest_route=%2Fwp%2Fv2%2Fcomments&post=93045"}],"version-history":[{"count":0,"href":"https:\/\/archive.sana.sy\/tr\/index.php?rest_route=\/wp\/v2\/posts\/93045\/revisions"}],"wp:attachment":[{"href":"https:\/\/archive.sana.sy\/tr\/index.php?rest_route=%2Fwp%2Fv2%2Fmedia&parent=93045"}],"wp:term":[{"taxonomy":"category","embeddable":true,"href":"https:\/\/archive.sana.sy\/tr\/index.php?rest_route=%2Fwp%2Fv2%2Fcategories&post=93045"},{"taxonomy":"post_tag","embeddable":true,"href":"https:\/\/archive.sana.sy\/tr\/index.php?rest_route=%2Fwp%2Fv2%2Ftags&post=93045"}],"curies":[{"name":"wp","href":"https:\/\/api.w.org\/{rel}","templated":true}]}}