{"id":93107,"date":"2016-10-30T10:28:33","date_gmt":"2016-10-30T08:28:33","guid":{"rendered":"http:\/\/www.sana.sy\/tr\/?p=93107"},"modified":"2016-10-30T10:28:33","modified_gmt":"2016-10-30T08:28:33","slug":"askeri-kaynak-ordu-birliklerimizin-dera-kirsalinin-tel-el-samn-dael-ebta-hurbet-gezale-nuayme-dael-yolu-ve-bati-gariye-koprusunun-batisi-bolgelerinde-cok-sayida-teroristi-olu-ve-yarali-dusurup-a","status":"publish","type":"post","link":"https:\/\/archive.sana.sy\/tr\/?p=93107","title":{"rendered":"Askeri kaynak; ordu birliklerimizin Dera k\u0131rsal\u0131n\u0131n Tel el Samn, Dael, Ebta, Hurbet \u011eezale, Nuayme, Dael Yolu ve Bat\u0131 \u011eariye K\u00f6pr\u00fcs\u00fcn\u00fcn bat\u0131s\u0131 b\u00f6lgelerinde \u00e7ok say\u0131da ter\u00f6risti \u00f6l\u00fc ve yaral\u0131 d\u00fc\u015f\u00fcr\u00fcp a\u011f\u0131r makineli silahla donat\u0131lm\u0131\u015f 3 arac\u0131 y\u00fckleriyle birlikte tamamen imha ettiklerini kaydetti"},"content":{"rendered":"<p>Askeri kaynak; ordu birliklerimizin Dera k\u0131rsal\u0131n\u0131n Tel el Samn, Dael, Ebta, Hurbet \u011eezale, Nuayme, Dael Yolu ve Bat\u0131 \u011eariye K\u00f6pr\u00fcs\u00fcn\u00fcn bat\u0131s\u0131 b\u00f6lgelerinde \u00e7ok say\u0131da ter\u00f6risti \u00f6l\u00fc ve yaral\u0131 d\u00fc\u015f\u00fcr\u00fcp a\u011f\u0131r makineli silahla donat\u0131lm\u0131\u015f 3 arac\u0131 y\u00fckleriyle birlikte tamamen imha ettiklerini kaydetti<\/p>\n","protected":false},"excerpt":{"rendered":"<p>Askeri kaynak; ordu birliklerimizin Dera k\u0131rsal\u0131n\u0131n Tel el Samn, Dael, Ebta, Hurbet \u011eezale, Nuayme, Dael Yolu ve Bat\u0131 \u011eariye K\u00f6pr\u00fcs\u00fcn\u00fcn bat\u0131s\u0131 b\u00f6lgelerinde \u00e7ok say\u0131da ter\u00f6risti \u00f6l\u00fc ve yaral\u0131 d\u00fc\u015f\u00fcr\u00fcp a\u011f\u0131r makineli silahla donat\u0131lm\u0131\u015f 3 arac\u0131 y\u00fckleriyle birlikte tamamen imha ettiklerini kaydetti<\/p>\n","protected":false},"author":1,"featured_media":0,"comment_status":"closed","ping_status":"closed","sticky":false,"template":"","format":"standard","meta":{"footnotes":""},"categories":[17991],"tags":[],"class_list":["post-93107","post","type-post","status-publish","format-standard","","category-son-dakika"],"_links":{"self":[{"href":"https:\/\/archive.sana.sy\/tr\/index.php?rest_route=\/wp\/v2\/posts\/93107","targetHints":{"allow":["GET"]}}],"collection":[{"href":"https:\/\/archive.sana.sy\/tr\/index.php?rest_route=\/wp\/v2\/posts"}],"about":[{"href":"https:\/\/archive.sana.sy\/tr\/index.php?rest_route=\/wp\/v2\/types\/post"}],"author":[{"embeddable":true,"href":"https:\/\/archive.sana.sy\/tr\/index.php?rest_route=\/wp\/v2\/users\/1"}],"replies":[{"embeddable":true,"href":"https:\/\/archive.sana.sy\/tr\/index.php?rest_route=%2Fwp%2Fv2%2Fcomments&post=93107"}],"version-history":[{"count":0,"href":"https:\/\/archive.sana.sy\/tr\/index.php?rest_route=\/wp\/v2\/posts\/93107\/revisions"}],"wp:attachment":[{"href":"https:\/\/archive.sana.sy\/tr\/index.php?rest_route=%2Fwp%2Fv2%2Fmedia&parent=93107"}],"wp:term":[{"taxonomy":"category","embeddable":true,"href":"https:\/\/archive.sana.sy\/tr\/index.php?rest_route=%2Fwp%2Fv2%2Fcategories&post=93107"},{"taxonomy":"post_tag","embeddable":true,"href":"https:\/\/archive.sana.sy\/tr\/index.php?rest_route=%2Fwp%2Fv2%2Ftags&post=93107"}],"curies":[{"name":"wp","href":"https:\/\/api.w.org\/{rel}","templated":true}]}}