{"id":93159,"date":"2016-10-30T11:22:09","date_gmt":"2016-10-30T09:22:09","guid":{"rendered":"http:\/\/www.sana.sy\/tr\/?p=93159"},"modified":"2016-10-30T14:02:48","modified_gmt":"2016-10-30T12:02:48","slug":"dera-beledte-ordu-birliklerimizin-teroristlerin-mevkilerine-karsi-nitelikli-operasyonlar-gerceklestirdiklerini-aktaran-kaynak-tekfircileri-sayi-ve-techizatlariyla-birlikte-agir-kayiplara-ugr","status":"publish","type":"post","link":"https:\/\/archive.sana.sy\/tr\/?p=93159","title":{"rendered":"Dera Beled\u2019te ordu birliklerimizin ter\u00f6ristlerin mevkilerine kar\u015f\u0131 nitelikli operasyonlar ger\u00e7ekle\u015ftirdiklerini aktaran kaynak; tekfircileri say\u0131 ve te\u00e7hizatlar\u0131yla birlikte a\u011f\u0131r kay\u0131plara u\u011fratt\u0131klar\u0131n\u0131 s\u00f6zlerine ekledi."},"content":{"rendered":"<p>Dera Beled\u2019te ordu birliklerimizin ter\u00f6ristlerin mevkilerine kar\u015f\u0131 nitelikli operasyonlar ger\u00e7ekle\u015ftirdiklerini aktaran kaynak; tekfircileri say\u0131 ve te\u00e7hizatlar\u0131yla birlikte a\u011f\u0131r kay\u0131plara u\u011fratt\u0131klar\u0131n\u0131 s\u00f6zlerine ekledi.<\/p>\n","protected":false},"excerpt":{"rendered":"<p>Dera Beled\u2019te ordu birliklerimizin ter\u00f6ristlerin mevkilerine kar\u015f\u0131 nitelikli operasyonlar ger\u00e7ekle\u015ftirdiklerini aktaran kaynak; tekfircileri say\u0131 ve te\u00e7hizatlar\u0131yla birlikte a\u011f\u0131r kay\u0131plara u\u011fratt\u0131klar\u0131n\u0131 s\u00f6zlerine ekledi.<\/p>\n","protected":false},"author":1,"featured_media":0,"comment_status":"closed","ping_status":"closed","sticky":false,"template":"","format":"standard","meta":{"footnotes":""},"categories":[17991],"tags":[],"class_list":["post-93159","post","type-post","status-publish","format-standard","","category-son-dakika"],"_links":{"self":[{"href":"https:\/\/archive.sana.sy\/tr\/index.php?rest_route=\/wp\/v2\/posts\/93159","targetHints":{"allow":["GET"]}}],"collection":[{"href":"https:\/\/archive.sana.sy\/tr\/index.php?rest_route=\/wp\/v2\/posts"}],"about":[{"href":"https:\/\/archive.sana.sy\/tr\/index.php?rest_route=\/wp\/v2\/types\/post"}],"author":[{"embeddable":true,"href":"https:\/\/archive.sana.sy\/tr\/index.php?rest_route=\/wp\/v2\/users\/1"}],"replies":[{"embeddable":true,"href":"https:\/\/archive.sana.sy\/tr\/index.php?rest_route=%2Fwp%2Fv2%2Fcomments&post=93159"}],"version-history":[{"count":0,"href":"https:\/\/archive.sana.sy\/tr\/index.php?rest_route=\/wp\/v2\/posts\/93159\/revisions"}],"wp:attachment":[{"href":"https:\/\/archive.sana.sy\/tr\/index.php?rest_route=%2Fwp%2Fv2%2Fmedia&parent=93159"}],"wp:term":[{"taxonomy":"category","embeddable":true,"href":"https:\/\/archive.sana.sy\/tr\/index.php?rest_route=%2Fwp%2Fv2%2Fcategories&post=93159"},{"taxonomy":"post_tag","embeddable":true,"href":"https:\/\/archive.sana.sy\/tr\/index.php?rest_route=%2Fwp%2Fv2%2Ftags&post=93159"}],"curies":[{"name":"wp","href":"https:\/\/api.w.org\/{rel}","templated":true}]}}