{"id":93195,"date":"2016-10-30T13:11:34","date_gmt":"2016-10-30T11:11:34","guid":{"rendered":"http:\/\/www.sana.sy\/tr\/?p=93195"},"modified":"2016-10-30T15:21:17","modified_gmt":"2016-10-30T13:21:17","slug":"kaynak-hamadaniye-ve-meridyen-semtlerine-dusen-ilimli-muhalefet-fuzeleri-sonucunda-aralarinda-1-cocugun-bulundugu-iki-kisinin-sehit-6-kisinin-de-yarali-dustuklerini-kaydetti","status":"publish","type":"post","link":"https:\/\/archive.sana.sy\/tr\/?p=93195","title":{"rendered":"Kaynak Hamadaniye ve Meridyen semtlerine d\u00fc\u015fen \u2018\u0131l\u0131ml\u0131 muhalefet\u2019 f\u00fczeleri sonucunda aralar\u0131nda 1 \u00e7ocu\u011fun bulundu\u011fu iki ki\u015finin \u015fehit, 6 ki\u015finin de yaral\u0131 d\u00fc\u015ft\u00fcklerini kaydetti"},"content":{"rendered":"<p>Kaynak Hamadaniye ve Meridyen semtlerine d\u00fc\u015fen \u2018\u0131l\u0131ml\u0131 muhalefet\u2019 f\u00fczeleri sonucunda aralar\u0131nda 1 \u00e7ocu\u011fun bulundu\u011fu iki ki\u015finin \u015fehit, 6 ki\u015finin de yaral\u0131 d\u00fc\u015ft\u00fcklerini kaydetti<\/p>\n","protected":false},"excerpt":{"rendered":"<p>Kaynak Hamadaniye ve Meridyen semtlerine d\u00fc\u015fen \u2018\u0131l\u0131ml\u0131 muhalefet\u2019 f\u00fczeleri sonucunda aralar\u0131nda 1 \u00e7ocu\u011fun bulundu\u011fu iki ki\u015finin \u015fehit, 6 ki\u015finin de yaral\u0131 d\u00fc\u015ft\u00fcklerini kaydetti<\/p>\n","protected":false},"author":1,"featured_media":0,"comment_status":"closed","ping_status":"closed","sticky":false,"template":"","format":"standard","meta":{"footnotes":""},"categories":[17991],"tags":[],"class_list":["post-93195","post","type-post","status-publish","format-standard","","category-son-dakika"],"_links":{"self":[{"href":"https:\/\/archive.sana.sy\/tr\/index.php?rest_route=\/wp\/v2\/posts\/93195","targetHints":{"allow":["GET"]}}],"collection":[{"href":"https:\/\/archive.sana.sy\/tr\/index.php?rest_route=\/wp\/v2\/posts"}],"about":[{"href":"https:\/\/archive.sana.sy\/tr\/index.php?rest_route=\/wp\/v2\/types\/post"}],"author":[{"embeddable":true,"href":"https:\/\/archive.sana.sy\/tr\/index.php?rest_route=\/wp\/v2\/users\/1"}],"replies":[{"embeddable":true,"href":"https:\/\/archive.sana.sy\/tr\/index.php?rest_route=%2Fwp%2Fv2%2Fcomments&post=93195"}],"version-history":[{"count":0,"href":"https:\/\/archive.sana.sy\/tr\/index.php?rest_route=\/wp\/v2\/posts\/93195\/revisions"}],"wp:attachment":[{"href":"https:\/\/archive.sana.sy\/tr\/index.php?rest_route=%2Fwp%2Fv2%2Fmedia&parent=93195"}],"wp:term":[{"taxonomy":"category","embeddable":true,"href":"https:\/\/archive.sana.sy\/tr\/index.php?rest_route=%2Fwp%2Fv2%2Fcategories&post=93195"},{"taxonomy":"post_tag","embeddable":true,"href":"https:\/\/archive.sana.sy\/tr\/index.php?rest_route=%2Fwp%2Fv2%2Ftags&post=93195"}],"curies":[{"name":"wp","href":"https:\/\/api.w.org\/{rel}","templated":true}]}}