{"id":93206,"date":"2016-10-30T15:25:11","date_gmt":"2016-10-30T13:25:11","guid":{"rendered":"http:\/\/www.sana.sy\/tr\/?p=93206"},"modified":"2016-10-30T15:30:03","modified_gmt":"2016-10-30T13:30:03","slug":"deyrezzor-valiliginde-bir-kaynak-sanaya-aciklamasinda-isidli-radikal-teroristlerin-deyrezzor-kentinin-cura-ve-kusur-semtlerini-roketlerle-hedef-almalari-sonucunda-1-kadinin-sehit-ar","status":"publish","type":"post","link":"https:\/\/archive.sana.sy\/tr\/?p=93206","title":{"rendered":"Deyrezzor Valili\u011finde bir kaynak SANA\u2019ya a\u00e7\u0131klamas\u0131nda I\u015e\u0130D\u2019li radikal ter\u00f6ristlerin Deyrezzor Kentinin Cura ve Kusur Semtlerini roketlerle hedef almalar\u0131 sonucunda 1 kad\u0131n\u0131n \u015fehit, aralar\u0131nda \u00e7ocuk ve kad\u0131nlar\u0131n bulundu\u011fu 30 vatanda\u015f\u0131n da yaraland\u0131klar\u0131n\u0131 belirtti"},"content":{"rendered":"<p>Deyrezzor Valili\u011finde bir kaynak SANA\u2019ya a\u00e7\u0131klamas\u0131nda I\u015e\u0130D\u2019li radikal ter\u00f6ristlerin Deyrezzor Kentinin Cura ve Kusur Semtlerini roketlerle hedef almalar\u0131 sonucunda 1 kad\u0131n\u0131n \u015fehit, aralar\u0131nda \u00e7ocuk ve kad\u0131nlar\u0131n bulundu\u011fu 30 vatanda\u015f\u0131n da yaraland\u0131klar\u0131n\u0131 belirtti<\/p>\n","protected":false},"excerpt":{"rendered":"<p>Deyrezzor Valili\u011finde bir kaynak SANA\u2019ya a\u00e7\u0131klamas\u0131nda I\u015e\u0130D\u2019li radikal ter\u00f6ristlerin Deyrezzor Kentinin Cura ve Kusur Semtlerini roketlerle hedef almalar\u0131 sonucunda 1 kad\u0131n\u0131n \u015fehit, aralar\u0131nda \u00e7ocuk ve kad\u0131nlar\u0131n bulundu\u011fu 30 vatanda\u015f\u0131n da yaraland\u0131klar\u0131n\u0131 belirtti<\/p>\n","protected":false},"author":1,"featured_media":0,"comment_status":"closed","ping_status":"closed","sticky":false,"template":"","format":"standard","meta":{"footnotes":""},"categories":[17991],"tags":[],"class_list":["post-93206","post","type-post","status-publish","format-standard","","category-son-dakika"],"_links":{"self":[{"href":"https:\/\/archive.sana.sy\/tr\/index.php?rest_route=\/wp\/v2\/posts\/93206","targetHints":{"allow":["GET"]}}],"collection":[{"href":"https:\/\/archive.sana.sy\/tr\/index.php?rest_route=\/wp\/v2\/posts"}],"about":[{"href":"https:\/\/archive.sana.sy\/tr\/index.php?rest_route=\/wp\/v2\/types\/post"}],"author":[{"embeddable":true,"href":"https:\/\/archive.sana.sy\/tr\/index.php?rest_route=\/wp\/v2\/users\/1"}],"replies":[{"embeddable":true,"href":"https:\/\/archive.sana.sy\/tr\/index.php?rest_route=%2Fwp%2Fv2%2Fcomments&post=93206"}],"version-history":[{"count":0,"href":"https:\/\/archive.sana.sy\/tr\/index.php?rest_route=\/wp\/v2\/posts\/93206\/revisions"}],"wp:attachment":[{"href":"https:\/\/archive.sana.sy\/tr\/index.php?rest_route=%2Fwp%2Fv2%2Fmedia&parent=93206"}],"wp:term":[{"taxonomy":"category","embeddable":true,"href":"https:\/\/archive.sana.sy\/tr\/index.php?rest_route=%2Fwp%2Fv2%2Fcategories&post=93206"},{"taxonomy":"post_tag","embeddable":true,"href":"https:\/\/archive.sana.sy\/tr\/index.php?rest_route=%2Fwp%2Fv2%2Ftags&post=93206"}],"curies":[{"name":"wp","href":"https:\/\/api.w.org\/{rel}","templated":true}]}}