{"id":93261,"date":"2016-10-31T08:21:43","date_gmt":"2016-10-31T06:21:43","guid":{"rendered":"http:\/\/www.sana.sy\/tr\/?p=93261"},"modified":"2016-10-31T13:19:29","modified_gmt":"2016-10-31T11:19:29","slug":"askeri-kaynak-ordu-birliklerimizin-dera-beled-bolgesi-ve-yaduda-beldesinde-vatandaslarin-evlerini-ve-kamu-mulklerine-karsi-sabotaj-eylemlerinde-bulunan-iki-teror-grubunu-yogun-atese-tutmalariyla-iki","status":"publish","type":"post","link":"https:\/\/archive.sana.sy\/tr\/?p=93261","title":{"rendered":"Askeri kaynak; ordu birliklerimizin Dera Beled B\u00f6lgesi ve Yaduda Beldesinde vatanda\u015flar\u0131n evlerini ve kamu m\u00fclklerine kar\u015f\u0131 sabotaj eylemlerinde bulunan iki ter\u00f6r grubunu yo\u011fun ate\u015fe tutmalar\u0131yla iki grup \u00fcyelerini ter\u00f6r edatlar\u0131yla birlikte tamamen imha ettiklerini belirtti"},"content":{"rendered":"<p>Askeri kaynak; ordu birliklerimizin Dera Beled B\u00f6lgesi ve Yaduda Beldesinde vatanda\u015flar\u0131n evlerini ve kamu m\u00fclklerine kar\u015f\u0131 sabotaj eylemlerinde bulunan iki ter\u00f6r grubunu yo\u011fun ate\u015fe tutmalar\u0131yla iki grup \u00fcyelerini ter\u00f6r edatlar\u0131yla birlikte tamamen imha ettiklerini belirtti<\/p>\n","protected":false},"excerpt":{"rendered":"<p>Askeri kaynak; ordu birliklerimizin Dera Beled B\u00f6lgesi ve Yaduda Beldesinde vatanda\u015flar\u0131n evlerini ve kamu m\u00fclklerine kar\u015f\u0131 sabotaj eylemlerinde bulunan iki ter\u00f6r grubunu yo\u011fun ate\u015fe tutmalar\u0131yla iki grup \u00fcyelerini ter\u00f6r edatlar\u0131yla birlikte tamamen imha ettiklerini belirtti<\/p>\n","protected":false},"author":1,"featured_media":0,"comment_status":"closed","ping_status":"closed","sticky":false,"template":"","format":"standard","meta":{"footnotes":""},"categories":[17991],"tags":[],"class_list":["post-93261","post","type-post","status-publish","format-standard","","category-son-dakika"],"_links":{"self":[{"href":"https:\/\/archive.sana.sy\/tr\/index.php?rest_route=\/wp\/v2\/posts\/93261","targetHints":{"allow":["GET"]}}],"collection":[{"href":"https:\/\/archive.sana.sy\/tr\/index.php?rest_route=\/wp\/v2\/posts"}],"about":[{"href":"https:\/\/archive.sana.sy\/tr\/index.php?rest_route=\/wp\/v2\/types\/post"}],"author":[{"embeddable":true,"href":"https:\/\/archive.sana.sy\/tr\/index.php?rest_route=\/wp\/v2\/users\/1"}],"replies":[{"embeddable":true,"href":"https:\/\/archive.sana.sy\/tr\/index.php?rest_route=%2Fwp%2Fv2%2Fcomments&post=93261"}],"version-history":[{"count":0,"href":"https:\/\/archive.sana.sy\/tr\/index.php?rest_route=\/wp\/v2\/posts\/93261\/revisions"}],"wp:attachment":[{"href":"https:\/\/archive.sana.sy\/tr\/index.php?rest_route=%2Fwp%2Fv2%2Fmedia&parent=93261"}],"wp:term":[{"taxonomy":"category","embeddable":true,"href":"https:\/\/archive.sana.sy\/tr\/index.php?rest_route=%2Fwp%2Fv2%2Fcategories&post=93261"},{"taxonomy":"post_tag","embeddable":true,"href":"https:\/\/archive.sana.sy\/tr\/index.php?rest_route=%2Fwp%2Fv2%2Ftags&post=93261"}],"curies":[{"name":"wp","href":"https:\/\/api.w.org\/{rel}","templated":true}]}}