{"id":93277,"date":"2016-10-31T08:36:04","date_gmt":"2016-10-31T06:36:04","guid":{"rendered":"http:\/\/www.sana.sy\/tr\/?p=93277"},"modified":"2016-10-31T13:25:48","modified_gmt":"2016-10-31T11:25:48","slug":"muhabir-operasyonlarda-isidli-radikal-teror-grubunun-tamaminin-agir-silahlari-ve-toplariyla-etkisiz-hale-getirildiklerini-aktardi","status":"publish","type":"post","link":"https:\/\/archive.sana.sy\/tr\/?p=93277","title":{"rendered":"Muhabir; operasyonlarda I\u015e\u0130D\u2019li radikal ter\u00f6r grubunun tamam\u0131n\u0131n a\u011f\u0131r silahlar\u0131 ve toplar\u0131yla etkisiz hale getirildiklerini aktard\u0131"},"content":{"rendered":"<p>Muhabir; operasyonlarda I\u015e\u0130D\u2019li radikal ter\u00f6r grubunun tamam\u0131n\u0131n a\u011f\u0131r silahlar\u0131 ve toplar\u0131yla etkisiz hale getirildiklerini aktard\u0131<\/p>\n","protected":false},"excerpt":{"rendered":"<p>Muhabir; operasyonlarda I\u015e\u0130D\u2019li radikal ter\u00f6r grubunun tamam\u0131n\u0131n a\u011f\u0131r silahlar\u0131 ve toplar\u0131yla etkisiz hale getirildiklerini aktard\u0131<\/p>\n","protected":false},"author":1,"featured_media":0,"comment_status":"closed","ping_status":"closed","sticky":false,"template":"","format":"standard","meta":{"footnotes":""},"categories":[17991],"tags":[],"class_list":["post-93277","post","type-post","status-publish","format-standard","","category-son-dakika"],"_links":{"self":[{"href":"https:\/\/archive.sana.sy\/tr\/index.php?rest_route=\/wp\/v2\/posts\/93277","targetHints":{"allow":["GET"]}}],"collection":[{"href":"https:\/\/archive.sana.sy\/tr\/index.php?rest_route=\/wp\/v2\/posts"}],"about":[{"href":"https:\/\/archive.sana.sy\/tr\/index.php?rest_route=\/wp\/v2\/types\/post"}],"author":[{"embeddable":true,"href":"https:\/\/archive.sana.sy\/tr\/index.php?rest_route=\/wp\/v2\/users\/1"}],"replies":[{"embeddable":true,"href":"https:\/\/archive.sana.sy\/tr\/index.php?rest_route=%2Fwp%2Fv2%2Fcomments&post=93277"}],"version-history":[{"count":0,"href":"https:\/\/archive.sana.sy\/tr\/index.php?rest_route=\/wp\/v2\/posts\/93277\/revisions"}],"wp:attachment":[{"href":"https:\/\/archive.sana.sy\/tr\/index.php?rest_route=%2Fwp%2Fv2%2Fmedia&parent=93277"}],"wp:term":[{"taxonomy":"category","embeddable":true,"href":"https:\/\/archive.sana.sy\/tr\/index.php?rest_route=%2Fwp%2Fv2%2Fcategories&post=93277"},{"taxonomy":"post_tag","embeddable":true,"href":"https:\/\/archive.sana.sy\/tr\/index.php?rest_route=%2Fwp%2Fv2%2Ftags&post=93277"}],"curies":[{"name":"wp","href":"https:\/\/api.w.org\/{rel}","templated":true}]}}