{"id":9335,"date":"2014-09-07T21:27:11","date_gmt":"2014-09-07T18:27:11","guid":{"rendered":"http:\/\/www.sana.sy\/tr\/?p=9335"},"modified":"2014-09-07T21:27:11","modified_gmt":"2014-09-07T18:27:11","slug":"fransada-suriye-uygarliklarin-besigi-sergisi","status":"publish","type":"post","link":"https:\/\/archive.sana.sy\/tr\/?p=9335","title":{"rendered":"Fransa\u2019da Suriye Uygarl\u0131klar\u0131n Be\u015fi\u011fi Sergisi"},"content":{"rendered":"<p>PAR\u0130S \u2013 Fransa\u2019da ya\u015fayan Suriyeli Gurbet\u00e7iler Toplulu\u011fu d\u00fcn Bobigny Beldesinde Suriye uygarl\u0131klar\u0131na ve son s\u00fcre\u00e7te maruz kald\u0131\u011f\u0131 sald\u0131r\u0131lara \u0131\u015f\u0131k tutan \u201c Suriye Uygarl\u0131klar\u0131n Be\u015fi\u011fi\u201d \u015fiar\u0131 alt\u0131nda bir k\u00fclt\u00fcr sergisi d\u00fczenlediler.<\/p>\n<p>Toplulu\u011fun Enformasyon Sorumlusu Nura Abid; fuar\u0131n temel amac\u0131n\u0131n Frans\u0131z ziyaret\u00e7ilere Arap k\u00fclt\u00fcr\u00fc, Suriye uygarl\u0131klar\u0131na ve k\u00f6kl\u00fc tarihine ili\u015fkin bilgi vermek oldu\u011funu dile getirerek sergi kapsam\u0131nda Suriye\u2019nin tarihi eser platformlar\u0131n\u0131n foto\u011fraflar\u0131n sergiledi\u011fini ve foto\u011fraflarda yer alan tarihi eserlere ili\u015fkin k\u0131sa anlat\u0131mlar\u0131n bulundu\u011funu beyan etti.<\/p>\n<p>Sergide ayr\u0131ca Suriye\u2019nin maruz kald\u0131\u011f\u0131 sald\u0131r\u0131lar ve bu sald\u0131r\u0131lar\u0131n etkilerine ili\u015fkin foto\u011fraflar da sergilendi\u011fine i\u015faret eden Abid; serginin genel olarak b\u00fcy\u00fck bir ilgi g\u00f6rd\u00fc\u011f\u00fcn\u00fc belirtti.<\/p>\n<p>Bu t\u00fcr etkinliklerin Suriye\u2019de ya\u015fanan olaylar\u0131n ger\u00e7e\u011finin yans\u0131t\u0131lmas\u0131 i\u00e7in bir f\u0131rsat te\u015fkil etti\u011fini dile getiren Abid; sergiyi ziyaret eden bir\u00e7ok Frans\u0131zlar\u0131n Suriye ile ilgili bir\u00e7ok ger\u00e7ek\u011fi yeni \u00f6\u011frendiklerini s\u00f6ylediklerini aktard\u0131.<\/p>\n<div id='gallery-1' class='gallery galleryid-9335 gallery-columns-3 gallery-size-thumbnail'><figure class='gallery-item'>\n\t\t\t<div class='gallery-icon landscape'>\n\t\t\t\t<a href='https:\/\/archive.sana.sy\/tr\/wp-content\/uploads\/2014\/09\/Paris-2.jpg'><img loading=\"lazy\" decoding=\"async\" width=\"150\" height=\"136\" src=\"https:\/\/archive.sana.sy\/tr\/wp-content\/uploads\/2014\/09\/Paris-2-150x136.jpg\" class=\"attachment-thumbnail size-thumbnail\" alt=\"\" srcset=\"https:\/\/archive.sana.sy\/tr\/wp-content\/uploads\/2014\/09\/Paris-2-150x136.jpg 150w, https:\/\/archive.sana.sy\/tr\/wp-content\/uploads\/2014\/09\/Paris-2-300x273.jpg 300w, https:\/\/archive.sana.sy\/tr\/wp-content\/uploads\/2014\/09\/Paris-2.jpg 526w\" sizes=\"auto, (max-width: 150px) 100vw, 150px\" \/><\/a>\n\t\t\t<\/div><\/figure><figure class='gallery-item'>\n\t\t\t<div class='gallery-icon landscape'>\n\t\t\t\t<a href='https:\/\/archive.sana.sy\/tr\/wp-content\/uploads\/2014\/09\/Paris-3.jpg'><img loading=\"lazy\" decoding=\"async\" width=\"150\" height=\"91\" src=\"https:\/\/archive.sana.sy\/tr\/wp-content\/uploads\/2014\/09\/Paris-3-150x91.jpg\" class=\"attachment-thumbnail size-thumbnail\" alt=\"\" srcset=\"https:\/\/archive.sana.sy\/tr\/wp-content\/uploads\/2014\/09\/Paris-3-150x91.jpg 150w, https:\/\/archive.sana.sy\/tr\/wp-content\/uploads\/2014\/09\/Paris-3-300x182.jpg 300w, https:\/\/archive.sana.sy\/tr\/wp-content\/uploads\/2014\/09\/Paris-3.jpg 334w\" sizes=\"auto, (max-width: 150px) 100vw, 150px\" \/><\/a>\n\t\t\t<\/div><\/figure><figure class='gallery-item'>\n\t\t\t<div class='gallery-icon landscape'>\n\t\t\t\t<a href='https:\/\/archive.sana.sy\/tr\/wp-content\/uploads\/2014\/09\/Paris-4.jpg'><img loading=\"lazy\" decoding=\"async\" width=\"150\" height=\"112\" src=\"https:\/\/archive.sana.sy\/tr\/wp-content\/uploads\/2014\/09\/Paris-4-150x112.jpg\" class=\"attachment-thumbnail size-thumbnail\" alt=\"\" srcset=\"https:\/\/archive.sana.sy\/tr\/wp-content\/uploads\/2014\/09\/Paris-4-150x112.jpg 150w, https:\/\/archive.sana.sy\/tr\/wp-content\/uploads\/2014\/09\/Paris-4-300x225.jpg 300w, https:\/\/archive.sana.sy\/tr\/wp-content\/uploads\/2014\/09\/Paris-4.jpg 960w\" sizes=\"auto, (max-width: 150px) 100vw, 150px\" \/><\/a>\n\t\t\t<\/div><\/figure>\n\t\t<\/div>\n\n","protected":false},"excerpt":{"rendered":"<p>PAR\u0130S \u2013 Fransa\u2019da ya\u015fayan Suriyeli Gurbet\u00e7iler Toplulu\u011fu d\u00fcn Bobigny Beldesinde Suriye uygarl\u0131klar\u0131na ve son s\u00fcre\u00e7te maruz kald\u0131\u011f\u0131 sald\u0131r\u0131lara \u0131\u015f\u0131k tutan \u201c Suriye Uygarl\u0131klar\u0131n Be\u015fi\u011fi\u201d \u015fiar\u0131 alt\u0131nda bir k\u00fclt\u00fcr sergisi d\u00fczenlediler. Toplulu\u011fun Enformasyon Sorumlusu Nura Abid; fuar\u0131n temel amac\u0131n\u0131n Frans\u0131z ziyaret\u00e7ilere Arap k\u00fclt\u00fcr\u00fc, Suriye uygarl\u0131klar\u0131na ve k\u00f6kl\u00fc tarihine ili\u015fkin bilgi vermek oldu\u011funu dile getirerek sergi kapsam\u0131nda &hellip;<\/p>\n","protected":false},"author":1,"featured_media":9336,"comment_status":"closed","ping_status":"closed","sticky":false,"template":"","format":"standard","meta":{"footnotes":""},"categories":[458,596,459,511,525],"tags":[2101],"class_list":["post-9335","post","type-post","status-publish","format-standard","has-post-thumbnail","","category-dunya1","category-fotografli-raporlar","category-haberler-arap-uluslararasi-politika","category-kultur-ve-sanat","category-toplum","tag-fransada-suriye-uygarliklarin-besigi-sergisi"],"_links":{"self":[{"href":"https:\/\/archive.sana.sy\/tr\/index.php?rest_route=\/wp\/v2\/posts\/9335","targetHints":{"allow":["GET"]}}],"collection":[{"href":"https:\/\/archive.sana.sy\/tr\/index.php?rest_route=\/wp\/v2\/posts"}],"about":[{"href":"https:\/\/archive.sana.sy\/tr\/index.php?rest_route=\/wp\/v2\/types\/post"}],"author":[{"embeddable":true,"href":"https:\/\/archive.sana.sy\/tr\/index.php?rest_route=\/wp\/v2\/users\/1"}],"replies":[{"embeddable":true,"href":"https:\/\/archive.sana.sy\/tr\/index.php?rest_route=%2Fwp%2Fv2%2Fcomments&post=9335"}],"version-history":[{"count":0,"href":"https:\/\/archive.sana.sy\/tr\/index.php?rest_route=\/wp\/v2\/posts\/9335\/revisions"}],"wp:featuredmedia":[{"embeddable":true,"href":"https:\/\/archive.sana.sy\/tr\/index.php?rest_route=\/wp\/v2\/media\/9336"}],"wp:attachment":[{"href":"https:\/\/archive.sana.sy\/tr\/index.php?rest_route=%2Fwp%2Fv2%2Fmedia&parent=9335"}],"wp:term":[{"taxonomy":"category","embeddable":true,"href":"https:\/\/archive.sana.sy\/tr\/index.php?rest_route=%2Fwp%2Fv2%2Fcategories&post=9335"},{"taxonomy":"post_tag","embeddable":true,"href":"https:\/\/archive.sana.sy\/tr\/index.php?rest_route=%2Fwp%2Fv2%2Ftags&post=9335"}],"curies":[{"name":"wp","href":"https:\/\/api.w.org\/{rel}","templated":true}]}}