{"id":93377,"date":"2016-10-31T13:59:58","date_gmt":"2016-10-31T11:59:58","guid":{"rendered":"http:\/\/www.sana.sy\/tr\/?p=93377"},"modified":"2016-10-31T15:55:24","modified_gmt":"2016-10-31T13:55:24","slug":"soz-konusu-teror-orgutlerin-son-uc-gun-icinde-halep-kentinin-muhtelif-sivil-yerlesim-alanlarini-100den-fazla-havan-mermisi-50-grad-fuzesi-ve-patlayici-dolu-20-mutfak-tupu-ya-da-cehennem-topu","status":"publish","type":"post","link":"https:\/\/archive.sana.sy\/tr\/?p=93377","title":{"rendered":"S\u00f6z konusu ter\u00f6r \u00f6rg\u00fctlerin son \u00fc\u00e7 g\u00fcn i\u00e7inde Halep Kentinin muhtelif sivil yerle\u015fim alanlar\u0131n\u0131 100\u2019den fazla havan mermisi, 50 grad f\u00fczesi ve patlay\u0131c\u0131 dolu 20 mutfak t\u00fcp\u00fc ya da cehennem topu dedikleri yerel yap\u0131m top ile hedef ald\u0131klar\u0131na dikkat \u00e7eken genel komutanl\u0131k, bu sald\u0131r\u0131larda geneli \u00e7ocuk ve kad\u0131nlardan olu\u015fan 84 masum sivil vatanda\u015f\u0131n \u015fehit, 280 vatanda\u015f\u0131n da yaral\u0131 d\u00fc\u015ft\u00fcklerini kaydetti"},"content":{"rendered":"<p>S\u00f6z konusu ter\u00f6r \u00f6rg\u00fctlerin son \u00fc\u00e7 g\u00fcn i\u00e7inde Halep Kentinin muhtelif sivil yerle\u015fim alanlar\u0131n\u0131 100\u2019den fazla havan mermisi, 50 grad f\u00fczesi ve patlay\u0131c\u0131 dolu 20 mutfak t\u00fcp\u00fc ya da cehennem topu dedikleri yerel yap\u0131m top ile hedef ald\u0131klar\u0131na dikkat \u00e7eken genel komutanl\u0131k, bu sald\u0131r\u0131larda geneli \u00e7ocuk ve kad\u0131nlardan olu\u015fan 84 masum sivil vatanda\u015f\u0131n \u015fehit, 280 vatanda\u015f\u0131n da yaral\u0131 d\u00fc\u015ft\u00fcklerini kaydetti<\/p>\n","protected":false},"excerpt":{"rendered":"<p>S\u00f6z konusu ter\u00f6r \u00f6rg\u00fctlerin son \u00fc\u00e7 g\u00fcn i\u00e7inde Halep Kentinin muhtelif sivil yerle\u015fim alanlar\u0131n\u0131 100\u2019den fazla havan mermisi, 50 grad f\u00fczesi ve patlay\u0131c\u0131 dolu 20 mutfak t\u00fcp\u00fc ya da cehennem topu dedikleri yerel yap\u0131m top ile hedef ald\u0131klar\u0131na dikkat \u00e7eken genel komutanl\u0131k, bu sald\u0131r\u0131larda geneli \u00e7ocuk ve kad\u0131nlardan olu\u015fan 84 masum sivil vatanda\u015f\u0131n \u015fehit, 280 &hellip;<\/p>\n","protected":false},"author":1,"featured_media":0,"comment_status":"closed","ping_status":"closed","sticky":false,"template":"","format":"standard","meta":{"footnotes":""},"categories":[17991],"tags":[],"class_list":["post-93377","post","type-post","status-publish","format-standard","","category-son-dakika"],"_links":{"self":[{"href":"https:\/\/archive.sana.sy\/tr\/index.php?rest_route=\/wp\/v2\/posts\/93377","targetHints":{"allow":["GET"]}}],"collection":[{"href":"https:\/\/archive.sana.sy\/tr\/index.php?rest_route=\/wp\/v2\/posts"}],"about":[{"href":"https:\/\/archive.sana.sy\/tr\/index.php?rest_route=\/wp\/v2\/types\/post"}],"author":[{"embeddable":true,"href":"https:\/\/archive.sana.sy\/tr\/index.php?rest_route=\/wp\/v2\/users\/1"}],"replies":[{"embeddable":true,"href":"https:\/\/archive.sana.sy\/tr\/index.php?rest_route=%2Fwp%2Fv2%2Fcomments&post=93377"}],"version-history":[{"count":0,"href":"https:\/\/archive.sana.sy\/tr\/index.php?rest_route=\/wp\/v2\/posts\/93377\/revisions"}],"wp:attachment":[{"href":"https:\/\/archive.sana.sy\/tr\/index.php?rest_route=%2Fwp%2Fv2%2Fmedia&parent=93377"}],"wp:term":[{"taxonomy":"category","embeddable":true,"href":"https:\/\/archive.sana.sy\/tr\/index.php?rest_route=%2Fwp%2Fv2%2Fcategories&post=93377"},{"taxonomy":"post_tag","embeddable":true,"href":"https:\/\/archive.sana.sy\/tr\/index.php?rest_route=%2Fwp%2Fv2%2Ftags&post=93377"}],"curies":[{"name":"wp","href":"https:\/\/api.w.org\/{rel}","templated":true}]}}