{"id":93379,"date":"2016-10-31T14:08:18","date_gmt":"2016-10-31T12:08:18","guid":{"rendered":"http:\/\/www.sana.sy\/tr\/?p=93379"},"modified":"2016-10-31T15:56:07","modified_gmt":"2016-10-31T13:56:07","slug":"genel-komutanlik-dis-guclerden-destek-ve-komuta-alan-teror-orgutlerin-halepte-sivil-yerlesim-alanlarina-bu-gibi-vahsetlerinin-tehlikesine-dikkat-cekerken-suriye-ordusunun-halep-ve-suriyeni","status":"publish","type":"post","link":"https:\/\/archive.sana.sy\/tr\/?p=93379","title":{"rendered":"Genel komutanl\u0131k d\u0131\u015f g\u00fc\u00e7lerden destek ve komuta alan ter\u00f6r \u00f6rg\u00fctlerin Halep\u2019te sivil yerle\u015fim alanlar\u0131na bu gibi vah\u015fetlerinin tehlikesine dikkat \u00e7ekerken, Suriye ordusunun Halep ve Suriye&#8217;nin her kar\u0131\u015f topra\u011f\u0131nda ter\u00f6re kar\u015f\u0131 sava\u015f\u0131n\u0131 azim ve kararl\u0131l\u0131kla s\u00fcrd\u00fcrme \u0131srar\u0131nda oldu\u011funun alt\u0131n\u0131 \u00e7izdi"},"content":{"rendered":"<p>Genel komutanl\u0131k d\u0131\u015f g\u00fc\u00e7lerden destek ve komuta alan ter\u00f6r \u00f6rg\u00fctlerin Halep\u2019te sivil yerle\u015fim alanlar\u0131na bu gibi vah\u015fetlerinin tehlikesine dikkat \u00e7ekerken, Suriye ordusunun Halep ve Suriye&#8217;nin her kar\u0131\u015f topra\u011f\u0131nda ter\u00f6re kar\u015f\u0131 sava\u015f\u0131n\u0131 azim ve kararl\u0131l\u0131kla s\u00fcrd\u00fcrme \u0131srar\u0131nda oldu\u011funun alt\u0131n\u0131 \u00e7izdi<\/p>\n","protected":false},"excerpt":{"rendered":"<p>Genel komutanl\u0131k d\u0131\u015f g\u00fc\u00e7lerden destek ve komuta alan ter\u00f6r \u00f6rg\u00fctlerin Halep\u2019te sivil yerle\u015fim alanlar\u0131na bu gibi vah\u015fetlerinin tehlikesine dikkat \u00e7ekerken, Suriye ordusunun Halep ve Suriye&#8217;nin her kar\u0131\u015f topra\u011f\u0131nda ter\u00f6re kar\u015f\u0131 sava\u015f\u0131n\u0131 azim ve kararl\u0131l\u0131kla s\u00fcrd\u00fcrme \u0131srar\u0131nda oldu\u011funun alt\u0131n\u0131 \u00e7izdi<\/p>\n","protected":false},"author":1,"featured_media":0,"comment_status":"closed","ping_status":"closed","sticky":false,"template":"","format":"standard","meta":{"footnotes":""},"categories":[17991],"tags":[],"class_list":["post-93379","post","type-post","status-publish","format-standard","","category-son-dakika"],"_links":{"self":[{"href":"https:\/\/archive.sana.sy\/tr\/index.php?rest_route=\/wp\/v2\/posts\/93379","targetHints":{"allow":["GET"]}}],"collection":[{"href":"https:\/\/archive.sana.sy\/tr\/index.php?rest_route=\/wp\/v2\/posts"}],"about":[{"href":"https:\/\/archive.sana.sy\/tr\/index.php?rest_route=\/wp\/v2\/types\/post"}],"author":[{"embeddable":true,"href":"https:\/\/archive.sana.sy\/tr\/index.php?rest_route=\/wp\/v2\/users\/1"}],"replies":[{"embeddable":true,"href":"https:\/\/archive.sana.sy\/tr\/index.php?rest_route=%2Fwp%2Fv2%2Fcomments&post=93379"}],"version-history":[{"count":0,"href":"https:\/\/archive.sana.sy\/tr\/index.php?rest_route=\/wp\/v2\/posts\/93379\/revisions"}],"wp:attachment":[{"href":"https:\/\/archive.sana.sy\/tr\/index.php?rest_route=%2Fwp%2Fv2%2Fmedia&parent=93379"}],"wp:term":[{"taxonomy":"category","embeddable":true,"href":"https:\/\/archive.sana.sy\/tr\/index.php?rest_route=%2Fwp%2Fv2%2Fcategories&post=93379"},{"taxonomy":"post_tag","embeddable":true,"href":"https:\/\/archive.sana.sy\/tr\/index.php?rest_route=%2Fwp%2Fv2%2Ftags&post=93379"}],"curies":[{"name":"wp","href":"https:\/\/api.w.org\/{rel}","templated":true}]}}