{"id":93389,"date":"2016-10-31T13:30:30","date_gmt":"2016-10-31T11:30:30","guid":{"rendered":"http:\/\/www.sana.sy\/tr\/?p=93389"},"modified":"2016-11-02T18:26:43","modified_gmt":"2016-11-02T16:26:43","slug":"suriyelilerin-acilarina-isik-tutan-fotograf-sergisi","status":"publish","type":"post","link":"https:\/\/archive.sana.sy\/tr\/?p=93389","title":{"rendered":"Suriyelilerin Ac\u0131lar\u0131na I\u015f\u0131k Tutan Foto\u011fraf Sergisi"},"content":{"rendered":"<p>MOSKOVA \u2013 Suriyeli profesyonel foto\u011fraf\u00e7\u0131 Hagob Vanisyan; bir k\u0131s\u0131m devletlerin destekledikleri ter\u00f6r \u00f6rg\u00fctlerin vah\u015fetleri ve Suriyelilerin bu ter\u00f6r nedeniyle ya\u015fad\u0131klar\u0131 ac\u0131lara \u0131\u015f\u0131k tutan bir foto\u011fraf sergisi d\u00fczenledi.<img loading=\"lazy\" decoding=\"async\" class=\"alignright wp-image-93392 size-medium\" src=\"http:\/\/www.sana.sy\/tr\/wp-content\/uploads\/2016\/10\/Hagob-Sergisi-2-300x150.jpg\" alt=\"hagob-sergisi-2\" width=\"300\" height=\"150\" srcset=\"https:\/\/archive.sana.sy\/tr\/wp-content\/uploads\/2016\/10\/Hagob-Sergisi-2.jpg 300w, https:\/\/archive.sana.sy\/tr\/wp-content\/uploads\/2016\/10\/Hagob-Sergisi-2-150x75.jpg 150w\" sizes=\"auto, (max-width: 300px) 100vw, 300px\" \/><\/p>\n<p>Suriye&#8217;nin Moskova B\u00fcy\u00fckel\u00e7ili\u011finin i\u015fbirli\u011fi ile Moskova\u2019daki Do\u011fu Medeniyetleri M\u00fczesinde \u2018Unutulmu\u015f \u0130nsanl\u0131k\u2019 ba\u015fl\u0131\u011f\u0131 alt\u0131nda sergilenen foto\u011fraflarda ter\u00f6r\u00fcn vah\u015feti ve Suriye halk\u0131n\u0131n ya\u015fam\u0131na olumsuz yans\u0131malar\u0131 g\u00f6r\u00fcnt\u00fclendi.<\/p>\n<p>Sergi Moskova&#8217;da bulunan Arap ve yabanc\u0131 diplomatik heyetlerin yan\u0131 s\u0131ra Rus yetkililer ve kalabal\u0131k halk kitleleri taraf\u0131ndan yo\u011fun bir ilgi g\u00f6rd\u00fc.<\/p>\n<p>Foto\u011fraf\u00e7\u0131 Vanisyan SANA\u2019ya a\u00e7\u0131klamas\u0131nda bu sergisiyle \u00f6zellikle do\u011fum yeri Halep olmak \u00fczere Suriye ve halk\u0131n\u0131 hedef alan ter\u00f6r sald\u0131r\u0131lar\u0131n\u0131 foto\u011fraflarla belgelemek ve d\u00fcnya kamuoyuna g\u00f6stermeyi ama\u00e7lad\u0131\u011f\u0131n\u0131 kaydetti.<img loading=\"lazy\" decoding=\"async\" class=\"alignright wp-image-93391 size-medium\" src=\"http:\/\/www.sana.sy\/tr\/wp-content\/uploads\/2016\/10\/Hagob-Sergisi-1-300x150.jpg\" alt=\"hagob-sergisi-1\" width=\"300\" height=\"150\" srcset=\"https:\/\/archive.sana.sy\/tr\/wp-content\/uploads\/2016\/10\/Hagob-Sergisi-1.jpg 300w, https:\/\/archive.sana.sy\/tr\/wp-content\/uploads\/2016\/10\/Hagob-Sergisi-1-150x75.jpg 150w\" sizes=\"auto, (max-width: 300px) 100vw, 300px\" \/><\/p>\n<p>Amerika\u2019da ikamet eden Suriyeli foto\u011fraf\u00e7\u0131 Vanisyan yakla\u015f\u0131k bir y\u0131l \u00f6nce BM\u2019nin New York\u2019taki binas\u0131nda \u2018Vatan\u0131m\u2019 ba\u015fl\u0131\u011f\u0131 alt\u0131nda d\u00fczenledi\u011fi benzer sergide Halep\u2019te ter\u00f6r sava\u015f\u0131n\u0131n eserlerine dikkat \u00e7ekmi\u015fti.<\/p>\n","protected":false},"excerpt":{"rendered":"<p>MOSKOVA \u2013 Suriyeli profesyonel foto\u011fraf\u00e7\u0131 Hagob Vanisyan; bir k\u0131s\u0131m devletlerin destekledikleri ter\u00f6r \u00f6rg\u00fctlerin vah\u015fetleri ve Suriyelilerin bu ter\u00f6r nedeniyle ya\u015fad\u0131klar\u0131 ac\u0131lara \u0131\u015f\u0131k tutan bir foto\u011fraf sergisi d\u00fczenledi. Suriye&#8217;nin Moskova B\u00fcy\u00fckel\u00e7ili\u011finin i\u015fbirli\u011fi ile Moskova\u2019daki Do\u011fu Medeniyetleri M\u00fczesinde \u2018Unutulmu\u015f \u0130nsanl\u0131k\u2019 ba\u015fl\u0131\u011f\u0131 alt\u0131nda sergilenen foto\u011fraflarda ter\u00f6r\u00fcn vah\u015feti ve Suriye halk\u0131n\u0131n ya\u015fam\u0131na olumsuz yans\u0131malar\u0131 g\u00f6r\u00fcnt\u00fclendi. Sergi Moskova&#8217;da bulunan Arap &hellip;<\/p>\n","protected":false},"author":1,"featured_media":93390,"comment_status":"closed","ping_status":"closed","sticky":false,"template":"","format":"standard","meta":{"footnotes":""},"categories":[458,459,516,511,17988],"tags":[25012,17036,25011,25010,24336,25009,25008],"class_list":["post-93389","post","type-post","status-publish","format-standard","has-post-thumbnail","","category-dunya1","category-haberler-arap-uluslararasi-politika","category-haberler-kultur-ve-sanat","category-kultur-ve-sanat","category-son-haberler","tag-hagob-vanisyan","tag-moskova","tag-suriye-cumhuriyeti","tag-suriyede-gercek","tag-suriyede-kultur-ve-sanat","tag-suriyeli-profesyonel-fotografci-hagob-vanisyan","tag-suriyelilerin-acilarina-isik-tutan-fotograf-sergisi"],"_links":{"self":[{"href":"https:\/\/archive.sana.sy\/tr\/index.php?rest_route=\/wp\/v2\/posts\/93389","targetHints":{"allow":["GET"]}}],"collection":[{"href":"https:\/\/archive.sana.sy\/tr\/index.php?rest_route=\/wp\/v2\/posts"}],"about":[{"href":"https:\/\/archive.sana.sy\/tr\/index.php?rest_route=\/wp\/v2\/types\/post"}],"author":[{"embeddable":true,"href":"https:\/\/archive.sana.sy\/tr\/index.php?rest_route=\/wp\/v2\/users\/1"}],"replies":[{"embeddable":true,"href":"https:\/\/archive.sana.sy\/tr\/index.php?rest_route=%2Fwp%2Fv2%2Fcomments&post=93389"}],"version-history":[{"count":0,"href":"https:\/\/archive.sana.sy\/tr\/index.php?rest_route=\/wp\/v2\/posts\/93389\/revisions"}],"wp:featuredmedia":[{"embeddable":true,"href":"https:\/\/archive.sana.sy\/tr\/index.php?rest_route=\/wp\/v2\/media\/93390"}],"wp:attachment":[{"href":"https:\/\/archive.sana.sy\/tr\/index.php?rest_route=%2Fwp%2Fv2%2Fmedia&parent=93389"}],"wp:term":[{"taxonomy":"category","embeddable":true,"href":"https:\/\/archive.sana.sy\/tr\/index.php?rest_route=%2Fwp%2Fv2%2Fcategories&post=93389"},{"taxonomy":"post_tag","embeddable":true,"href":"https:\/\/archive.sana.sy\/tr\/index.php?rest_route=%2Fwp%2Fv2%2Ftags&post=93389"}],"curies":[{"name":"wp","href":"https:\/\/api.w.org\/{rel}","templated":true}]}}