{"id":93397,"date":"2016-10-31T19:15:09","date_gmt":"2016-10-31T17:15:09","guid":{"rendered":"http:\/\/www.sana.sy\/tr\/?p=93397"},"modified":"2016-11-02T18:24:20","modified_gmt":"2016-11-02T16:24:20","slug":"suriyede-baris-icin-dini-toren-duzenlendi","status":"publish","type":"post","link":"https:\/\/archive.sana.sy\/tr\/?p=93397","title":{"rendered":"Suriye&#8217;de Bar\u0131\u015f \u0130\u00e7in Dini T\u00f6ren D\u00fczenlendi (video)"},"content":{"rendered":"<p>\u015eAM \u2013 Ba\u015fkent \u015eam\u2019\u0131n Zeytun Semtindeki Seyyide el Neyyah Melkite Rum Katolikler Katedralli\u011finde bug\u00fcn Suriye&#8217;de bar\u0131\u015f i\u00e7in b\u00fcy\u00fck bir dini t\u00f6ren d\u00fczenlendi.<\/p>\n<p>Caritas \u00d6rg\u00fct\u00fcn\u00fcn uluslar aras\u0131 d\u00fczeyde \u2018Suriye&#8217;de Bar\u0131\u015f M\u00fcmk\u00fcnd\u00fcr\u2019 slogan\u0131 alt\u0131nda y\u00fcr\u00fctt\u00fc\u011f\u00fc hamle kapsam\u0131nda d\u00fczenlenen dini t\u00f6ren, Vatikan Papas\u0131 Francis\u2019in \u0130sve\u00e7\u2019te ger\u00e7ekle\u015ftirdi\u011fi dini t\u00f6rene e\u015f zamanl\u0131 olarak yap\u0131ld\u0131.<\/p>\n<p>Dini t\u00f6rende yap\u0131lan konu\u015fmalarda Suriye&#8217;nin maruz kald\u0131\u011f\u0131 evrensel ter\u00f6re kar\u015f\u0131 zafer kazanmas\u0131, Suriye ordusu, halk\u0131 ve liderinin korunmas\u0131 i\u00e7in dua edildi.<\/p>\n<p>https:\/\/www.youtube.com\/watch?v=VruOOuy23Gc<\/p>\n","protected":false},"excerpt":{"rendered":"<p>\u015eAM \u2013 Ba\u015fkent \u015eam\u2019\u0131n Zeytun Semtindeki Seyyide el Neyyah Melkite Rum Katolikler Katedralli\u011finde bug\u00fcn Suriye&#8217;de bar\u0131\u015f i\u00e7in b\u00fcy\u00fck bir dini t\u00f6ren d\u00fczenlendi. Caritas \u00d6rg\u00fct\u00fcn\u00fcn uluslar aras\u0131 d\u00fczeyde \u2018Suriye&#8217;de Bar\u0131\u015f M\u00fcmk\u00fcnd\u00fcr\u2019 slogan\u0131 alt\u0131nda y\u00fcr\u00fctt\u00fc\u011f\u00fc hamle kapsam\u0131nda d\u00fczenlenen dini t\u00f6ren, Vatikan Papas\u0131 Francis\u2019in \u0130sve\u00e7\u2019te ger\u00e7ekle\u015ftirdi\u011fi dini t\u00f6rene e\u015f zamanl\u0131 olarak yap\u0131ld\u0131. Dini t\u00f6rende yap\u0131lan konu\u015fmalarda Suriye&#8217;nin maruz &hellip;<\/p>\n","protected":false},"author":1,"featured_media":93398,"comment_status":"closed","ping_status":"closed","sticky":false,"template":"","format":"standard","meta":{"footnotes":""},"categories":[479,17988,478],"tags":[25018,25019,25017,25020,24433],"class_list":["post-93397","post","type-post","status-publish","format-standard","has-post-thumbnail","","category-haberler-yerel","category-son-haberler","category-yerel","tag-baskent-samin-zeytun-semtindeki-seyyide-el-neyyah-melkite-rum-katolikler-katedralligi","tag-caritas-orgutu","tag-suriyede-baris-icin-dini-toren-duzenlendi","tag-suriyede-sondurumlar","tag-suriyede-yasam"],"_links":{"self":[{"href":"https:\/\/archive.sana.sy\/tr\/index.php?rest_route=\/wp\/v2\/posts\/93397","targetHints":{"allow":["GET"]}}],"collection":[{"href":"https:\/\/archive.sana.sy\/tr\/index.php?rest_route=\/wp\/v2\/posts"}],"about":[{"href":"https:\/\/archive.sana.sy\/tr\/index.php?rest_route=\/wp\/v2\/types\/post"}],"author":[{"embeddable":true,"href":"https:\/\/archive.sana.sy\/tr\/index.php?rest_route=\/wp\/v2\/users\/1"}],"replies":[{"embeddable":true,"href":"https:\/\/archive.sana.sy\/tr\/index.php?rest_route=%2Fwp%2Fv2%2Fcomments&post=93397"}],"version-history":[{"count":0,"href":"https:\/\/archive.sana.sy\/tr\/index.php?rest_route=\/wp\/v2\/posts\/93397\/revisions"}],"wp:featuredmedia":[{"embeddable":true,"href":"https:\/\/archive.sana.sy\/tr\/index.php?rest_route=\/wp\/v2\/media\/93398"}],"wp:attachment":[{"href":"https:\/\/archive.sana.sy\/tr\/index.php?rest_route=%2Fwp%2Fv2%2Fmedia&parent=93397"}],"wp:term":[{"taxonomy":"category","embeddable":true,"href":"https:\/\/archive.sana.sy\/tr\/index.php?rest_route=%2Fwp%2Fv2%2Fcategories&post=93397"},{"taxonomy":"post_tag","embeddable":true,"href":"https:\/\/archive.sana.sy\/tr\/index.php?rest_route=%2Fwp%2Fv2%2Ftags&post=93397"}],"curies":[{"name":"wp","href":"https:\/\/api.w.org\/{rel}","templated":true}]}}