{"id":93401,"date":"2016-10-31T21:01:36","date_gmt":"2016-10-31T19:01:36","guid":{"rendered":"http:\/\/www.sana.sy\/tr\/?p=93401"},"modified":"2016-11-01T15:33:03","modified_gmt":"2016-11-01T13:33:03","slug":"el-esad-avni-telefonla-ariyarak-kutladi","status":"publish","type":"post","link":"https:\/\/archive.sana.sy\/tr\/?p=93401","title":{"rendered":"El Esad Avn\u2019\u0131 Telefonla Ar\u0131yarak Kutlad\u0131"},"content":{"rendered":"<p>\u015eAM \u2013 Cumhurba\u015fkan\u0131 Be\u015f\u015far el Esad L\u00fcbnan\u2019da Mi\u015fel Avn ile telefon g\u00f6r\u00fc\u015fmesinde bulunarak cumhurba\u015fkan\u0131 se\u00e7ilmesinden dolay\u0131 kendisini kutlad\u0131.<\/p>\n<p>El Esad Avn\u2019a yeni g\u00f6revinde \u00fcst\u00fcn ba\u015far\u0131lar temennilerinde bulunurken, cumhurba\u015fkanl\u0131\u011f\u0131na se\u00e7ilmesinin L\u00fcbnan\u2019\u0131n siyasi ya\u015fam\u0131nda L\u00fcbnan ve L\u00fcbnanl\u0131lar\u0131n istikrar ve refah dolu gelece\u011fi y\u00f6n\u00fcnde yeni bir s\u00fcre\u00e7 te\u015fkil etmesi temennisini ifade etti.<\/p>\n<p>Avn L\u00fcbnan Parlamentosunun d\u00fczenledi\u011fi oturumda yap\u0131lan oylamada 127 oydan 83 oy alarak cumhurba\u015fkan\u0131 se\u00e7ilmi\u015fti.<\/p>\n","protected":false},"excerpt":{"rendered":"<p>\u015eAM \u2013 Cumhurba\u015fkan\u0131 Be\u015f\u015far el Esad L\u00fcbnan\u2019da Mi\u015fel Avn ile telefon g\u00f6r\u00fc\u015fmesinde bulunarak cumhurba\u015fkan\u0131 se\u00e7ilmesinden dolay\u0131 kendisini kutlad\u0131. El Esad Avn\u2019a yeni g\u00f6revinde \u00fcst\u00fcn ba\u015far\u0131lar temennilerinde bulunurken, cumhurba\u015fkanl\u0131\u011f\u0131na se\u00e7ilmesinin L\u00fcbnan\u2019\u0131n siyasi ya\u015fam\u0131nda L\u00fcbnan ve L\u00fcbnanl\u0131lar\u0131n istikrar ve refah dolu gelece\u011fi y\u00f6n\u00fcnde yeni bir s\u00fcre\u00e7 te\u015fkil etmesi temennisini ifade etti. Avn L\u00fcbnan Parlamentosunun d\u00fczenledi\u011fi oturumda yap\u0131lan &hellip;<\/p>\n","protected":false},"author":1,"featured_media":93402,"comment_status":"closed","ping_status":"closed","sticky":false,"template":"","format":"standard","meta":{"footnotes":""},"categories":[608,479,605,17988,478],"tags":[17256,8767,25021,25022,25023,25004,20821],"class_list":["post-93401","post","type-post","status-publish","format-standard","has-post-thumbnail","","category-etkinlikler","category-haberler-yerel","category-sayin-cumhurbaskani","category-son-haberler","category-yerel","tag-bessar-el-esad","tag-cumhurbaskani","tag-el-esad-avni-telefonla-ariyarak-kutladi","tag-esad-ve-avn","tag-lubnan-cumhurbaskani","tag-misel-avn","tag-telefon-gorusmesi"],"_links":{"self":[{"href":"https:\/\/archive.sana.sy\/tr\/index.php?rest_route=\/wp\/v2\/posts\/93401","targetHints":{"allow":["GET"]}}],"collection":[{"href":"https:\/\/archive.sana.sy\/tr\/index.php?rest_route=\/wp\/v2\/posts"}],"about":[{"href":"https:\/\/archive.sana.sy\/tr\/index.php?rest_route=\/wp\/v2\/types\/post"}],"author":[{"embeddable":true,"href":"https:\/\/archive.sana.sy\/tr\/index.php?rest_route=\/wp\/v2\/users\/1"}],"replies":[{"embeddable":true,"href":"https:\/\/archive.sana.sy\/tr\/index.php?rest_route=%2Fwp%2Fv2%2Fcomments&post=93401"}],"version-history":[{"count":0,"href":"https:\/\/archive.sana.sy\/tr\/index.php?rest_route=\/wp\/v2\/posts\/93401\/revisions"}],"wp:featuredmedia":[{"embeddable":true,"href":"https:\/\/archive.sana.sy\/tr\/index.php?rest_route=\/wp\/v2\/media\/93402"}],"wp:attachment":[{"href":"https:\/\/archive.sana.sy\/tr\/index.php?rest_route=%2Fwp%2Fv2%2Fmedia&parent=93401"}],"wp:term":[{"taxonomy":"category","embeddable":true,"href":"https:\/\/archive.sana.sy\/tr\/index.php?rest_route=%2Fwp%2Fv2%2Fcategories&post=93401"},{"taxonomy":"post_tag","embeddable":true,"href":"https:\/\/archive.sana.sy\/tr\/index.php?rest_route=%2Fwp%2Fv2%2Ftags&post=93401"}],"curies":[{"name":"wp","href":"https:\/\/api.w.org\/{rel}","templated":true}]}}