{"id":93410,"date":"2016-11-01T13:00:40","date_gmt":"2016-11-01T11:00:40","guid":{"rendered":"http:\/\/www.sana.sy\/tr\/?p=93410"},"modified":"2016-11-01T13:31:58","modified_gmt":"2016-11-01T11:31:58","slug":"49-kurum-hizmete-girdi","status":"publish","type":"post","link":"https:\/\/archive.sana.sy\/tr\/?p=93410","title":{"rendered":"49 Kurum Hizmete Girdi"},"content":{"rendered":"<p>\u015eAM \u2013 Ba\u015fkent \u015eam\u2019da 2016 y\u0131l\u0131n\u0131n ba\u015f\u0131ndan Ekim ay\u0131 ortalar\u0131na dek yeni hizmete giren turizm kurumlar\u0131n\u0131n say\u0131s\u0131 49\u2019u buldu.<\/p>\n<p>\u015eam \u0130l Turizm M\u00fcd\u00fcr\u00fc Mey Salih SANA\u2019ya yapt\u0131\u011f\u0131 a\u00e7\u0131klamada; 2016 y\u0131l\u0131n\u0131n ba\u015f\u0131ndan beri turizm sekt\u00f6r\u00fcne yeni yat\u0131r\u0131mc\u0131lar\u0131n girmesiyle 2,228 milyar maliyetinde 117 kuruma ruhsat verildi\u011fini kaydetti. Salih bunlardan 856 milyon lira maliyetinde 49 kurumun hizmete girdi\u011fini belirtti.<\/p>\n<p>Turistik kurumlar\u0131n ulusal ekonomiye destek katk\u0131lar\u0131na dikkat \u00e7eken Salih; temin etti\u011fi i\u015f f\u0131rsatlar\u0131na da i\u015faret etti.<\/p>\n","protected":false},"excerpt":{"rendered":"<p>\u015eAM \u2013 Ba\u015fkent \u015eam\u2019da 2016 y\u0131l\u0131n\u0131n ba\u015f\u0131ndan Ekim ay\u0131 ortalar\u0131na dek yeni hizmete giren turizm kurumlar\u0131n\u0131n say\u0131s\u0131 49\u2019u buldu. \u015eam \u0130l Turizm M\u00fcd\u00fcr\u00fc Mey Salih SANA\u2019ya yapt\u0131\u011f\u0131 a\u00e7\u0131klamada; 2016 y\u0131l\u0131n\u0131n ba\u015f\u0131ndan beri turizm sekt\u00f6r\u00fcne yeni yat\u0131r\u0131mc\u0131lar\u0131n girmesiyle 2,228 milyar maliyetinde 117 kuruma ruhsat verildi\u011fini kaydetti. Salih bunlardan 856 milyon lira maliyetinde 49 kurumun hizmete girdi\u011fini &hellip;<\/p>\n","protected":false},"author":1,"featured_media":93412,"comment_status":"closed","ping_status":"closed","sticky":false,"template":"","format":"standard","meta":{"footnotes":""},"categories":[485,486,17988,2553],"tags":[25026,25027,22634,25028,21772],"class_list":["post-93410","post","type-post","status-publish","format-standard","has-post-thumbnail","","category-is-ve-sermaye","category-haberler-is-ve-sermaye","category-son-haberler","category-turizm","tag-samda-seyahat","tag-samda-turizm","tag-suriyede-turizm","tag-turistik-yerler","tag-turizm-bakanligi"],"_links":{"self":[{"href":"https:\/\/archive.sana.sy\/tr\/index.php?rest_route=\/wp\/v2\/posts\/93410","targetHints":{"allow":["GET"]}}],"collection":[{"href":"https:\/\/archive.sana.sy\/tr\/index.php?rest_route=\/wp\/v2\/posts"}],"about":[{"href":"https:\/\/archive.sana.sy\/tr\/index.php?rest_route=\/wp\/v2\/types\/post"}],"author":[{"embeddable":true,"href":"https:\/\/archive.sana.sy\/tr\/index.php?rest_route=\/wp\/v2\/users\/1"}],"replies":[{"embeddable":true,"href":"https:\/\/archive.sana.sy\/tr\/index.php?rest_route=%2Fwp%2Fv2%2Fcomments&post=93410"}],"version-history":[{"count":0,"href":"https:\/\/archive.sana.sy\/tr\/index.php?rest_route=\/wp\/v2\/posts\/93410\/revisions"}],"wp:featuredmedia":[{"embeddable":true,"href":"https:\/\/archive.sana.sy\/tr\/index.php?rest_route=\/wp\/v2\/media\/93412"}],"wp:attachment":[{"href":"https:\/\/archive.sana.sy\/tr\/index.php?rest_route=%2Fwp%2Fv2%2Fmedia&parent=93410"}],"wp:term":[{"taxonomy":"category","embeddable":true,"href":"https:\/\/archive.sana.sy\/tr\/index.php?rest_route=%2Fwp%2Fv2%2Fcategories&post=93410"},{"taxonomy":"post_tag","embeddable":true,"href":"https:\/\/archive.sana.sy\/tr\/index.php?rest_route=%2Fwp%2Fv2%2Ftags&post=93410"}],"curies":[{"name":"wp","href":"https:\/\/api.w.org\/{rel}","templated":true}]}}