{"id":93422,"date":"2016-11-01T11:15:48","date_gmt":"2016-11-01T09:15:48","guid":{"rendered":"http:\/\/www.sana.sy\/tr\/?p=93422"},"modified":"2016-11-01T14:14:55","modified_gmt":"2016-11-01T12:14:55","slug":"sana-muhabiri-bostan-el-pasa-semtinde-bulunan-teroristlerin-oteli-3-roketle-hedef-aldiklarini-aktarirken-teror-saldirilarinda-otel-musterileri-ya-da-bm-calisanlarindan-yaralananlarin-olmadigini-kayde","status":"publish","type":"post","link":"https:\/\/archive.sana.sy\/tr\/?p=93422","title":{"rendered":"SANA muhabiri Bostan el Pa\u015fa Semtinde bulunan ter\u00f6ristlerin oteli 3 roketle hedef ald\u0131klar\u0131n\u0131 aktar\u0131rken, ter\u00f6r sald\u0131r\u0131lar\u0131nda otel m\u00fc\u015fterileri ya da BM \u00e7al\u0131\u015fanlar\u0131ndan yaralananlar\u0131n olmad\u0131\u011f\u0131n\u0131 kaydetti."},"content":{"rendered":"<p>SANA muhabiri Bostan el Pa\u015fa Semtinde bulunan ter\u00f6ristlerin oteli 3 roketle hedef ald\u0131klar\u0131n\u0131 aktar\u0131rken, ter\u00f6r sald\u0131r\u0131lar\u0131nda otel m\u00fc\u015fterileri ya da BM \u00e7al\u0131\u015fanlar\u0131ndan yaralananlar\u0131n olmad\u0131\u011f\u0131n\u0131 kaydetti.<\/p>\n","protected":false},"excerpt":{"rendered":"<p>SANA muhabiri Bostan el Pa\u015fa Semtinde bulunan ter\u00f6ristlerin oteli 3 roketle hedef ald\u0131klar\u0131n\u0131 aktar\u0131rken, ter\u00f6r sald\u0131r\u0131lar\u0131nda otel m\u00fc\u015fterileri ya da BM \u00e7al\u0131\u015fanlar\u0131ndan yaralananlar\u0131n olmad\u0131\u011f\u0131n\u0131 kaydetti.<\/p>\n","protected":false},"author":1,"featured_media":0,"comment_status":"closed","ping_status":"closed","sticky":false,"template":"","format":"standard","meta":{"footnotes":""},"categories":[17991],"tags":[],"class_list":["post-93422","post","type-post","status-publish","format-standard","","category-son-dakika"],"_links":{"self":[{"href":"https:\/\/archive.sana.sy\/tr\/index.php?rest_route=\/wp\/v2\/posts\/93422","targetHints":{"allow":["GET"]}}],"collection":[{"href":"https:\/\/archive.sana.sy\/tr\/index.php?rest_route=\/wp\/v2\/posts"}],"about":[{"href":"https:\/\/archive.sana.sy\/tr\/index.php?rest_route=\/wp\/v2\/types\/post"}],"author":[{"embeddable":true,"href":"https:\/\/archive.sana.sy\/tr\/index.php?rest_route=\/wp\/v2\/users\/1"}],"replies":[{"embeddable":true,"href":"https:\/\/archive.sana.sy\/tr\/index.php?rest_route=%2Fwp%2Fv2%2Fcomments&post=93422"}],"version-history":[{"count":0,"href":"https:\/\/archive.sana.sy\/tr\/index.php?rest_route=\/wp\/v2\/posts\/93422\/revisions"}],"wp:attachment":[{"href":"https:\/\/archive.sana.sy\/tr\/index.php?rest_route=%2Fwp%2Fv2%2Fmedia&parent=93422"}],"wp:term":[{"taxonomy":"category","embeddable":true,"href":"https:\/\/archive.sana.sy\/tr\/index.php?rest_route=%2Fwp%2Fv2%2Fcategories&post=93422"},{"taxonomy":"post_tag","embeddable":true,"href":"https:\/\/archive.sana.sy\/tr\/index.php?rest_route=%2Fwp%2Fv2%2Ftags&post=93422"}],"curies":[{"name":"wp","href":"https:\/\/api.w.org\/{rel}","templated":true}]}}