{"id":93423,"date":"2016-11-01T11:11:58","date_gmt":"2016-11-01T09:11:58","guid":{"rendered":"http:\/\/www.sana.sy\/tr\/?p=93423"},"modified":"2016-11-01T14:14:19","modified_gmt":"2016-11-01T12:14:19","slug":"abd-ve-muttefikleri-tarafindan-mutedil-muhalifler-adi-altinda-desteklenip-kollanan-teror-orgutleri-halepte-birlesmis-milletlerin-karargah-olarak-kullandigi-ve-calisanlarinin","status":"publish","type":"post","link":"https:\/\/archive.sana.sy\/tr\/?p=93423","title":{"rendered":"ABD ve m\u00fcttefikleri taraf\u0131ndan \u2018mutedil muhalifler\u2019 ad\u0131 alt\u0131nda desteklenip kollanan ter\u00f6r \u00f6rg\u00fctleri Halep\u2019te Birle\u015fmi\u015f Milletlerin karargah olarak kulland\u0131\u011f\u0131 ve \u00e7al\u0131\u015fanlar\u0131n\u0131n ikamet etti\u011fi \u015eehba Oteline sald\u0131rd\u0131"},"content":{"rendered":"<p>ABD ve m\u00fcttefikleri taraf\u0131ndan \u2018mutedil muhalifler\u2019 ad\u0131 alt\u0131nda desteklenip kollanan ter\u00f6r \u00f6rg\u00fctleri Halep\u2019te Birle\u015fmi\u015f Milletlerin karargah olarak kulland\u0131\u011f\u0131 ve \u00e7al\u0131\u015fanlar\u0131n\u0131n ikamet etti\u011fi \u015eehba Oteline sald\u0131rd\u0131<\/p>\n","protected":false},"excerpt":{"rendered":"<p>ABD ve m\u00fcttefikleri taraf\u0131ndan \u2018mutedil muhalifler\u2019 ad\u0131 alt\u0131nda desteklenip kollanan ter\u00f6r \u00f6rg\u00fctleri Halep\u2019te Birle\u015fmi\u015f Milletlerin karargah olarak kulland\u0131\u011f\u0131 ve \u00e7al\u0131\u015fanlar\u0131n\u0131n ikamet etti\u011fi \u015eehba Oteline sald\u0131rd\u0131<\/p>\n","protected":false},"author":1,"featured_media":0,"comment_status":"closed","ping_status":"closed","sticky":false,"template":"","format":"standard","meta":{"footnotes":""},"categories":[17991],"tags":[],"class_list":["post-93423","post","type-post","status-publish","format-standard","","category-son-dakika"],"_links":{"self":[{"href":"https:\/\/archive.sana.sy\/tr\/index.php?rest_route=\/wp\/v2\/posts\/93423","targetHints":{"allow":["GET"]}}],"collection":[{"href":"https:\/\/archive.sana.sy\/tr\/index.php?rest_route=\/wp\/v2\/posts"}],"about":[{"href":"https:\/\/archive.sana.sy\/tr\/index.php?rest_route=\/wp\/v2\/types\/post"}],"author":[{"embeddable":true,"href":"https:\/\/archive.sana.sy\/tr\/index.php?rest_route=\/wp\/v2\/users\/1"}],"replies":[{"embeddable":true,"href":"https:\/\/archive.sana.sy\/tr\/index.php?rest_route=%2Fwp%2Fv2%2Fcomments&post=93423"}],"version-history":[{"count":0,"href":"https:\/\/archive.sana.sy\/tr\/index.php?rest_route=\/wp\/v2\/posts\/93423\/revisions"}],"wp:attachment":[{"href":"https:\/\/archive.sana.sy\/tr\/index.php?rest_route=%2Fwp%2Fv2%2Fmedia&parent=93423"}],"wp:term":[{"taxonomy":"category","embeddable":true,"href":"https:\/\/archive.sana.sy\/tr\/index.php?rest_route=%2Fwp%2Fv2%2Fcategories&post=93423"},{"taxonomy":"post_tag","embeddable":true,"href":"https:\/\/archive.sana.sy\/tr\/index.php?rest_route=%2Fwp%2Fv2%2Ftags&post=93423"}],"curies":[{"name":"wp","href":"https:\/\/api.w.org\/{rel}","templated":true}]}}