{"id":93427,"date":"2016-11-01T11:19:41","date_gmt":"2016-11-01T09:19:41","guid":{"rendered":"http:\/\/www.sana.sy\/tr\/?p=93427"},"modified":"2016-11-01T14:15:16","modified_gmt":"2016-11-01T12:15:16","slug":"bmnin-suriyedeki-mukim-temsilcisi-ali-el-zateri-ise-yayinladigi-bultende-bmnin-halep-kentinin-batisindaki-ofisinin-tank-topu-atesine-maruz-kaldigini-ofisin-ust-katlarinin-hasar-go","status":"publish","type":"post","link":"https:\/\/archive.sana.sy\/tr\/?p=93427","title":{"rendered":"BM\u2019nin Suriye&#8217;deki mukim temsilcisi Ali el Zateri ise yay\u0131nlad\u0131\u011f\u0131 b\u00fcltende BM\u2019nin Halep Kentinin bat\u0131s\u0131ndaki ofisinin tank topu ate\u015fine maruz kald\u0131\u011f\u0131n\u0131, ofisin \u00fcst katlar\u0131n\u0131n hasar g\u00f6rd\u00fc\u011f\u00fcn\u00fc belirtti"},"content":{"rendered":"<p>BM\u2019nin Suriye&#8217;deki mukim temsilcisi Ali el Zateri ise yay\u0131nlad\u0131\u011f\u0131 b\u00fcltende BM\u2019nin Halep Kentinin bat\u0131s\u0131ndaki ofisinin tank topu ate\u015fine maruz kald\u0131\u011f\u0131n\u0131, ofisin \u00fcst katlar\u0131n\u0131n hasar g\u00f6rd\u00fc\u011f\u00fcn\u00fc belirtti<\/p>\n","protected":false},"excerpt":{"rendered":"<p>BM\u2019nin Suriye&#8217;deki mukim temsilcisi Ali el Zateri ise yay\u0131nlad\u0131\u011f\u0131 b\u00fcltende BM\u2019nin Halep Kentinin bat\u0131s\u0131ndaki ofisinin tank topu ate\u015fine maruz kald\u0131\u011f\u0131n\u0131, ofisin \u00fcst katlar\u0131n\u0131n hasar g\u00f6rd\u00fc\u011f\u00fcn\u00fc belirtti<\/p>\n","protected":false},"author":1,"featured_media":0,"comment_status":"closed","ping_status":"closed","sticky":false,"template":"","format":"standard","meta":{"footnotes":""},"categories":[17991],"tags":[],"class_list":["post-93427","post","type-post","status-publish","format-standard","","category-son-dakika"],"_links":{"self":[{"href":"https:\/\/archive.sana.sy\/tr\/index.php?rest_route=\/wp\/v2\/posts\/93427","targetHints":{"allow":["GET"]}}],"collection":[{"href":"https:\/\/archive.sana.sy\/tr\/index.php?rest_route=\/wp\/v2\/posts"}],"about":[{"href":"https:\/\/archive.sana.sy\/tr\/index.php?rest_route=\/wp\/v2\/types\/post"}],"author":[{"embeddable":true,"href":"https:\/\/archive.sana.sy\/tr\/index.php?rest_route=\/wp\/v2\/users\/1"}],"replies":[{"embeddable":true,"href":"https:\/\/archive.sana.sy\/tr\/index.php?rest_route=%2Fwp%2Fv2%2Fcomments&post=93427"}],"version-history":[{"count":0,"href":"https:\/\/archive.sana.sy\/tr\/index.php?rest_route=\/wp\/v2\/posts\/93427\/revisions"}],"wp:attachment":[{"href":"https:\/\/archive.sana.sy\/tr\/index.php?rest_route=%2Fwp%2Fv2%2Fmedia&parent=93427"}],"wp:term":[{"taxonomy":"category","embeddable":true,"href":"https:\/\/archive.sana.sy\/tr\/index.php?rest_route=%2Fwp%2Fv2%2Fcategories&post=93427"},{"taxonomy":"post_tag","embeddable":true,"href":"https:\/\/archive.sana.sy\/tr\/index.php?rest_route=%2Fwp%2Fv2%2Ftags&post=93427"}],"curies":[{"name":"wp","href":"https:\/\/api.w.org\/{rel}","templated":true}]}}