{"id":93430,"date":"2016-11-01T11:21:31","date_gmt":"2016-11-01T09:21:31","guid":{"rendered":"http:\/\/www.sana.sy\/tr\/?p=93430"},"modified":"2016-11-01T14:16:05","modified_gmt":"2016-11-01T12:16:05","slug":"bm-mukim-temsilcisinin-bulteninde-silahli-muhalefet-cemaati-olarak-nitelendirdigi-terorist-gruplarin-halepin-batisinda-sivil-bolgeleri-gelisiguzel-fuzelerle-hedef-almalari","status":"publish","type":"post","link":"https:\/\/archive.sana.sy\/tr\/?p=93430","title":{"rendered":"BM mukim temsilcisinin b\u00fclteninde; \u2018silahl\u0131 muhalefet cemaati\u2019 olarak nitelendirdi\u011fi ter\u00f6rist gruplar\u0131n Halep\u2019in bat\u0131s\u0131nda sivil b\u00f6lgeleri geli\u015fig\u00fczel f\u00fczelerle hedef almalar\u0131 sonucunda 40\u2019tan fazla ki\u015finin \u015fehit, y\u00fcksek say\u0131da ki\u015finin de yaral\u0131 d\u00fc\u015ft\u00fcklerine dikkat \u00e7ekildi"},"content":{"rendered":"<p>BM mukim temsilcisinin b\u00fclteninde; \u2018silahl\u0131 muhalefet cemaati\u2019 olarak nitelendirdi\u011fi ter\u00f6rist gruplar\u0131n Halep\u2019in bat\u0131s\u0131nda sivil b\u00f6lgeleri geli\u015fig\u00fczel f\u00fczelerle hedef almalar\u0131 sonucunda 40\u2019tan fazla ki\u015finin \u015fehit, y\u00fcksek say\u0131da ki\u015finin de yaral\u0131 d\u00fc\u015ft\u00fcklerine dikkat \u00e7ekildi<\/p>\n","protected":false},"excerpt":{"rendered":"<p>BM mukim temsilcisinin b\u00fclteninde; \u2018silahl\u0131 muhalefet cemaati\u2019 olarak nitelendirdi\u011fi ter\u00f6rist gruplar\u0131n Halep\u2019in bat\u0131s\u0131nda sivil b\u00f6lgeleri geli\u015fig\u00fczel f\u00fczelerle hedef almalar\u0131 sonucunda 40\u2019tan fazla ki\u015finin \u015fehit, y\u00fcksek say\u0131da ki\u015finin de yaral\u0131 d\u00fc\u015ft\u00fcklerine dikkat \u00e7ekildi<\/p>\n","protected":false},"author":1,"featured_media":0,"comment_status":"closed","ping_status":"closed","sticky":false,"template":"","format":"standard","meta":{"footnotes":""},"categories":[17991],"tags":[],"class_list":["post-93430","post","type-post","status-publish","format-standard","","category-son-dakika"],"_links":{"self":[{"href":"https:\/\/archive.sana.sy\/tr\/index.php?rest_route=\/wp\/v2\/posts\/93430","targetHints":{"allow":["GET"]}}],"collection":[{"href":"https:\/\/archive.sana.sy\/tr\/index.php?rest_route=\/wp\/v2\/posts"}],"about":[{"href":"https:\/\/archive.sana.sy\/tr\/index.php?rest_route=\/wp\/v2\/types\/post"}],"author":[{"embeddable":true,"href":"https:\/\/archive.sana.sy\/tr\/index.php?rest_route=\/wp\/v2\/users\/1"}],"replies":[{"embeddable":true,"href":"https:\/\/archive.sana.sy\/tr\/index.php?rest_route=%2Fwp%2Fv2%2Fcomments&post=93430"}],"version-history":[{"count":0,"href":"https:\/\/archive.sana.sy\/tr\/index.php?rest_route=\/wp\/v2\/posts\/93430\/revisions"}],"wp:attachment":[{"href":"https:\/\/archive.sana.sy\/tr\/index.php?rest_route=%2Fwp%2Fv2%2Fmedia&parent=93430"}],"wp:term":[{"taxonomy":"category","embeddable":true,"href":"https:\/\/archive.sana.sy\/tr\/index.php?rest_route=%2Fwp%2Fv2%2Fcategories&post=93430"},{"taxonomy":"post_tag","embeddable":true,"href":"https:\/\/archive.sana.sy\/tr\/index.php?rest_route=%2Fwp%2Fv2%2Ftags&post=93430"}],"curies":[{"name":"wp","href":"https:\/\/api.w.org\/{rel}","templated":true}]}}