{"id":93434,"date":"2016-11-01T14:32:04","date_gmt":"2016-11-01T12:32:04","guid":{"rendered":"http:\/\/www.sana.sy\/tr\/?p=93434"},"modified":"2016-11-02T18:21:52","modified_gmt":"2016-11-02T16:21:52","slug":"butce-tasarisini-tartismaya-devam-etti","status":"publish","type":"post","link":"https:\/\/archive.sana.sy\/tr\/?p=93434","title":{"rendered":"B\u00fct\u00e7e Tasar\u0131s\u0131n\u0131 Tart\u0131\u015fmaya Devam Etti"},"content":{"rendered":"<p>\u015eAM \u2013 Halk Meclisi bug\u00fcn ba\u015fkan\u0131 Hediye Abbas ba\u015fkanl\u0131\u011f\u0131nda d\u00fczenledi\u011fi oturumda h\u00fck\u00fcmetin 2017 y\u0131l\u0131 devlet genel b\u00fct\u00e7e karar tasar\u0131s\u0131na ili\u015fkin beyan\u0131n\u0131 tart\u0131\u015fmaya devam etti.<\/p>\n<p>Oturumun a\u00e7\u0131l\u0131\u015f\u0131nda konu\u015fan Meclis Ba\u015fkan\u0131 Abbas t\u00fcm milletvekilleri devlet genel b\u00fct\u00e7esine destek olacak ek gelirler sa\u011flanmas\u0131 y\u00f6n\u00fcnde \u00f6neri ve d\u00fc\u015f\u00fcncelerini ifade etmelerine davet etti.<\/p>\n<p>Abbas be\u015f y\u0131la a\u015fk\u0131n s\u00fcredir ya\u015fanan sava\u015f ve zor ko\u015fullar\u0131n yan\u0131 s\u0131ra Suriye ve halk\u0131na y\u00f6nelik uygulanan kat\u0131 yapt\u0131r\u0131mlara ra\u011fmen devletin vatanda\u015flar\u0131n temel ihtiya\u00e7lar\u0131n\u0131 temin etme ve t\u00fcm hizmetlerini s\u00fcrd\u00fcrmeye devam etti\u011fini ifade etti.<\/p>\n<p>Oturumda s\u00f6z hakk\u0131 alan milletvekilleri ise vatanda\u015flar\u0131n ihtiya\u00e7lar\u0131n\u0131 kar\u015f\u0131lama, sorunlar\u0131na \u00e7\u00f6z\u00fcm bulma ve ya\u015fam ko\u015fullar\u0131n\u0131 iyile\u015ftirme ama\u00e7l\u0131 olarak etkin icraatlar al\u0131nmas\u0131 gere\u011fini vurgulad\u0131. Ayn\u0131 zamanda devlet kurumlar\u0131nda israf\u0131 engelleme, idari reformu s\u00fcrd\u00fcrme ve yolsuzlukla m\u00fccadele gibi meselelere odaklan\u0131lmas\u0131 \u00f6nemini kaydettiler.<\/p>\n<p>2017 devlet genel b\u00fct\u00e7e karar tasar\u0131s\u0131nda 1982 milyar\u0131 cari harcamalar, 678 milyar\u0131 yat\u0131r\u0131m, 423 milyar\u0131 da sosyal destek i\u00e7in olmak \u00fczere 2660 milyar lira olarak belirlenmi\u015fti.<\/p>\n","protected":false},"excerpt":{"rendered":"<p>\u015eAM \u2013 Halk Meclisi bug\u00fcn ba\u015fkan\u0131 Hediye Abbas ba\u015fkanl\u0131\u011f\u0131nda d\u00fczenledi\u011fi oturumda h\u00fck\u00fcmetin 2017 y\u0131l\u0131 devlet genel b\u00fct\u00e7e karar tasar\u0131s\u0131na ili\u015fkin beyan\u0131n\u0131 tart\u0131\u015fmaya devam etti. Oturumun a\u00e7\u0131l\u0131\u015f\u0131nda konu\u015fan Meclis Ba\u015fkan\u0131 Abbas t\u00fcm milletvekilleri devlet genel b\u00fct\u00e7esine destek olacak ek gelirler sa\u011flanmas\u0131 y\u00f6n\u00fcnde \u00f6neri ve d\u00fc\u015f\u00fcncelerini ifade etmelerine davet etti. Abbas be\u015f y\u0131la a\u015fk\u0131n s\u00fcredir ya\u015fanan sava\u015f &hellip;<\/p>\n","protected":false},"author":1,"featured_media":93437,"comment_status":"closed","ping_status":"closed","sticky":false,"template":"","format":"standard","meta":{"footnotes":""},"categories":[479,17988,478],"tags":[25033,24418,16838,23765,25034,25035,24421],"class_list":["post-93434","post","type-post","status-publish","format-standard","has-post-thumbnail","","category-haberler-yerel","category-son-haberler","category-yerel","tag-butce-tasarisini-tartismaya-devam-etti","tag-devlet-genel-butcesi","tag-halk-meclisi","tag-hediye-abbas","tag-karar-tasarisi","tag-suriye-devlet-butcesi","tag-suriye-ekonomisi"],"_links":{"self":[{"href":"https:\/\/archive.sana.sy\/tr\/index.php?rest_route=\/wp\/v2\/posts\/93434","targetHints":{"allow":["GET"]}}],"collection":[{"href":"https:\/\/archive.sana.sy\/tr\/index.php?rest_route=\/wp\/v2\/posts"}],"about":[{"href":"https:\/\/archive.sana.sy\/tr\/index.php?rest_route=\/wp\/v2\/types\/post"}],"author":[{"embeddable":true,"href":"https:\/\/archive.sana.sy\/tr\/index.php?rest_route=\/wp\/v2\/users\/1"}],"replies":[{"embeddable":true,"href":"https:\/\/archive.sana.sy\/tr\/index.php?rest_route=%2Fwp%2Fv2%2Fcomments&post=93434"}],"version-history":[{"count":0,"href":"https:\/\/archive.sana.sy\/tr\/index.php?rest_route=\/wp\/v2\/posts\/93434\/revisions"}],"wp:featuredmedia":[{"embeddable":true,"href":"https:\/\/archive.sana.sy\/tr\/index.php?rest_route=\/wp\/v2\/media\/93437"}],"wp:attachment":[{"href":"https:\/\/archive.sana.sy\/tr\/index.php?rest_route=%2Fwp%2Fv2%2Fmedia&parent=93434"}],"wp:term":[{"taxonomy":"category","embeddable":true,"href":"https:\/\/archive.sana.sy\/tr\/index.php?rest_route=%2Fwp%2Fv2%2Fcategories&post=93434"},{"taxonomy":"post_tag","embeddable":true,"href":"https:\/\/archive.sana.sy\/tr\/index.php?rest_route=%2Fwp%2Fv2%2Ftags&post=93434"}],"curies":[{"name":"wp","href":"https:\/\/api.w.org\/{rel}","templated":true}]}}