{"id":93436,"date":"2016-11-01T11:45:18","date_gmt":"2016-11-01T09:45:18","guid":{"rendered":"http:\/\/www.sana.sy\/tr\/?p=93436"},"modified":"2016-11-01T14:36:04","modified_gmt":"2016-11-01T12:36:04","slug":"halk-meclisi-bugun-baskani-hediye-abbas-baskanliginda-duzenledigi-oturumda-hukumetin-2017-yili-devlet-genel-butce-karar-tasarisina-iliskin-beyanini-tartismaya-devam-etti","status":"publish","type":"post","link":"https:\/\/archive.sana.sy\/tr\/?p=93436","title":{"rendered":"Halk Meclisi bug\u00fcn ba\u015fkan\u0131 Hediye Abbas ba\u015fkanl\u0131\u011f\u0131nda d\u00fczenledi\u011fi oturumda h\u00fck\u00fcmetin 2017 y\u0131l\u0131 devlet genel b\u00fct\u00e7e karar tasar\u0131s\u0131na ili\u015fkin beyan\u0131n\u0131 tart\u0131\u015fmaya devam etti"},"content":{"rendered":"<p>Halk Meclisi bug\u00fcn ba\u015fkan\u0131 Hediye Abbas ba\u015fkanl\u0131\u011f\u0131nda d\u00fczenledi\u011fi oturumda h\u00fck\u00fcmetin 2017 y\u0131l\u0131 devlet genel b\u00fct\u00e7e karar tasar\u0131s\u0131na ili\u015fkin beyan\u0131n\u0131 tart\u0131\u015fmaya devam etti<\/p>\n","protected":false},"excerpt":{"rendered":"<p>Halk Meclisi bug\u00fcn ba\u015fkan\u0131 Hediye Abbas ba\u015fkanl\u0131\u011f\u0131nda d\u00fczenledi\u011fi oturumda h\u00fck\u00fcmetin 2017 y\u0131l\u0131 devlet genel b\u00fct\u00e7e karar tasar\u0131s\u0131na ili\u015fkin beyan\u0131n\u0131 tart\u0131\u015fmaya devam etti<\/p>\n","protected":false},"author":1,"featured_media":0,"comment_status":"closed","ping_status":"closed","sticky":false,"template":"","format":"standard","meta":{"footnotes":""},"categories":[17991],"tags":[],"class_list":["post-93436","post","type-post","status-publish","format-standard","","category-son-dakika"],"_links":{"self":[{"href":"https:\/\/archive.sana.sy\/tr\/index.php?rest_route=\/wp\/v2\/posts\/93436","targetHints":{"allow":["GET"]}}],"collection":[{"href":"https:\/\/archive.sana.sy\/tr\/index.php?rest_route=\/wp\/v2\/posts"}],"about":[{"href":"https:\/\/archive.sana.sy\/tr\/index.php?rest_route=\/wp\/v2\/types\/post"}],"author":[{"embeddable":true,"href":"https:\/\/archive.sana.sy\/tr\/index.php?rest_route=\/wp\/v2\/users\/1"}],"replies":[{"embeddable":true,"href":"https:\/\/archive.sana.sy\/tr\/index.php?rest_route=%2Fwp%2Fv2%2Fcomments&post=93436"}],"version-history":[{"count":0,"href":"https:\/\/archive.sana.sy\/tr\/index.php?rest_route=\/wp\/v2\/posts\/93436\/revisions"}],"wp:attachment":[{"href":"https:\/\/archive.sana.sy\/tr\/index.php?rest_route=%2Fwp%2Fv2%2Fmedia&parent=93436"}],"wp:term":[{"taxonomy":"category","embeddable":true,"href":"https:\/\/archive.sana.sy\/tr\/index.php?rest_route=%2Fwp%2Fv2%2Fcategories&post=93436"},{"taxonomy":"post_tag","embeddable":true,"href":"https:\/\/archive.sana.sy\/tr\/index.php?rest_route=%2Fwp%2Fv2%2Ftags&post=93436"}],"curies":[{"name":"wp","href":"https:\/\/api.w.org\/{rel}","templated":true}]}}