{"id":93440,"date":"2016-11-01T08:39:25","date_gmt":"2016-11-01T06:39:25","guid":{"rendered":"http:\/\/www.sana.sy\/tr\/?p=93440"},"modified":"2016-11-01T14:57:55","modified_gmt":"2016-11-01T12:57:55","slug":"kaynak-yerin-altinda-14-km-derinlikte-acilan-ve-boyu-160-metreyi-asan-tunelin-bircok-yonde-mevcut-kolu-ile-radikal-teroristlerin-muhtelif-bolgelerde-mevcut-karargahlari-ve-siperlerine-uzandigina-dikka","status":"publish","type":"post","link":"https:\/\/archive.sana.sy\/tr\/?p=93440","title":{"rendered":"Kaynak yerin alt\u0131nda 14 km derinlikte a\u00e7\u0131lan ve boyu 160 metreyi a\u015fan t\u00fcnelin bir\u00e7ok y\u00f6nde mevcut kolu ile radikal ter\u00f6ristlerin muhtelif b\u00f6lgelerde mevcut karargahlar\u0131 ve siperlerine uzand\u0131\u011f\u0131na dikkat \u00e7ekti"},"content":{"rendered":"<p>Kaynak yerin alt\u0131nda 14 km derinlikte a\u00e7\u0131lan ve boyu 160 metreyi a\u015fan t\u00fcnelin bir\u00e7ok y\u00f6nde mevcut kolu ile radikal ter\u00f6ristlerin muhtelif b\u00f6lgelerde mevcut karargahlar\u0131 ve siperlerine uzand\u0131\u011f\u0131na dikkat \u00e7ekti<\/p>\n","protected":false},"excerpt":{"rendered":"<p>Kaynak yerin alt\u0131nda 14 km derinlikte a\u00e7\u0131lan ve boyu 160 metreyi a\u015fan t\u00fcnelin bir\u00e7ok y\u00f6nde mevcut kolu ile radikal ter\u00f6ristlerin muhtelif b\u00f6lgelerde mevcut karargahlar\u0131 ve siperlerine uzand\u0131\u011f\u0131na dikkat \u00e7ekti<\/p>\n","protected":false},"author":1,"featured_media":0,"comment_status":"closed","ping_status":"closed","sticky":false,"template":"","format":"standard","meta":{"footnotes":""},"categories":[17991],"tags":[],"class_list":["post-93440","post","type-post","status-publish","format-standard","","category-son-dakika"],"_links":{"self":[{"href":"https:\/\/archive.sana.sy\/tr\/index.php?rest_route=\/wp\/v2\/posts\/93440","targetHints":{"allow":["GET"]}}],"collection":[{"href":"https:\/\/archive.sana.sy\/tr\/index.php?rest_route=\/wp\/v2\/posts"}],"about":[{"href":"https:\/\/archive.sana.sy\/tr\/index.php?rest_route=\/wp\/v2\/types\/post"}],"author":[{"embeddable":true,"href":"https:\/\/archive.sana.sy\/tr\/index.php?rest_route=\/wp\/v2\/users\/1"}],"replies":[{"embeddable":true,"href":"https:\/\/archive.sana.sy\/tr\/index.php?rest_route=%2Fwp%2Fv2%2Fcomments&post=93440"}],"version-history":[{"count":0,"href":"https:\/\/archive.sana.sy\/tr\/index.php?rest_route=\/wp\/v2\/posts\/93440\/revisions"}],"wp:attachment":[{"href":"https:\/\/archive.sana.sy\/tr\/index.php?rest_route=%2Fwp%2Fv2%2Fmedia&parent=93440"}],"wp:term":[{"taxonomy":"category","embeddable":true,"href":"https:\/\/archive.sana.sy\/tr\/index.php?rest_route=%2Fwp%2Fv2%2Fcategories&post=93440"},{"taxonomy":"post_tag","embeddable":true,"href":"https:\/\/archive.sana.sy\/tr\/index.php?rest_route=%2Fwp%2Fv2%2Ftags&post=93440"}],"curies":[{"name":"wp","href":"https:\/\/api.w.org\/{rel}","templated":true}]}}