{"id":93442,"date":"2016-11-01T08:36:44","date_gmt":"2016-11-01T06:36:44","guid":{"rendered":"http:\/\/www.sana.sy\/tr\/?p=93442"},"modified":"2016-11-01T14:57:28","modified_gmt":"2016-11-01T12:57:28","slug":"askeri-kaynak-ordu-birliklerimizin-bugun-dogu-gutanin-haresta-bolgesinde-vahhabi-suudi-arabistan-rejimine-tabi-ceysul-sslam-islam-ordusu-adli-radikal-teroristlerin-bir-tun","status":"publish","type":"post","link":"https:\/\/archive.sana.sy\/tr\/?p=93442","title":{"rendered":"Askeri kaynak ordu birliklerimizin bug\u00fcn Do\u011fu \u011euta\u2019n\u0131n Haresta B\u00f6lgesinde Vahhabi Suudi Arabistan rejimine tabi \u2018Cey\u015ful \u015eslam\u2019 (\u0130slam Ordusu) adl\u0131 radikal ter\u00f6ristlerin bir t\u00fcnelini muhtevalar\u0131yla imha ettiklerini belirtti"},"content":{"rendered":"<p>Askeri kaynak ordu birliklerimizin bug\u00fcn Do\u011fu \u011euta\u2019n\u0131n Haresta B\u00f6lgesinde Vahhabi Suudi Arabistan rejimine tabi \u2018Cey\u015ful \u015eslam\u2019 (\u0130slam Ordusu) adl\u0131 radikal ter\u00f6ristlerin bir t\u00fcnelini muhtevalar\u0131yla imha ettiklerini belirtti<\/p>\n","protected":false},"excerpt":{"rendered":"<p>Askeri kaynak ordu birliklerimizin bug\u00fcn Do\u011fu \u011euta\u2019n\u0131n Haresta B\u00f6lgesinde Vahhabi Suudi Arabistan rejimine tabi \u2018Cey\u015ful \u015eslam\u2019 (\u0130slam Ordusu) adl\u0131 radikal ter\u00f6ristlerin bir t\u00fcnelini muhtevalar\u0131yla imha ettiklerini belirtti<\/p>\n","protected":false},"author":1,"featured_media":0,"comment_status":"closed","ping_status":"closed","sticky":false,"template":"","format":"standard","meta":{"footnotes":""},"categories":[17991],"tags":[],"class_list":["post-93442","post","type-post","status-publish","format-standard","","category-son-dakika"],"_links":{"self":[{"href":"https:\/\/archive.sana.sy\/tr\/index.php?rest_route=\/wp\/v2\/posts\/93442","targetHints":{"allow":["GET"]}}],"collection":[{"href":"https:\/\/archive.sana.sy\/tr\/index.php?rest_route=\/wp\/v2\/posts"}],"about":[{"href":"https:\/\/archive.sana.sy\/tr\/index.php?rest_route=\/wp\/v2\/types\/post"}],"author":[{"embeddable":true,"href":"https:\/\/archive.sana.sy\/tr\/index.php?rest_route=\/wp\/v2\/users\/1"}],"replies":[{"embeddable":true,"href":"https:\/\/archive.sana.sy\/tr\/index.php?rest_route=%2Fwp%2Fv2%2Fcomments&post=93442"}],"version-history":[{"count":0,"href":"https:\/\/archive.sana.sy\/tr\/index.php?rest_route=\/wp\/v2\/posts\/93442\/revisions"}],"wp:attachment":[{"href":"https:\/\/archive.sana.sy\/tr\/index.php?rest_route=%2Fwp%2Fv2%2Fmedia&parent=93442"}],"wp:term":[{"taxonomy":"category","embeddable":true,"href":"https:\/\/archive.sana.sy\/tr\/index.php?rest_route=%2Fwp%2Fv2%2Fcategories&post=93442"},{"taxonomy":"post_tag","embeddable":true,"href":"https:\/\/archive.sana.sy\/tr\/index.php?rest_route=%2Fwp%2Fv2%2Ftags&post=93442"}],"curies":[{"name":"wp","href":"https:\/\/api.w.org\/{rel}","templated":true}]}}