{"id":93445,"date":"2016-11-01T09:13:40","date_gmt":"2016-11-01T07:13:40","guid":{"rendered":"http:\/\/www.sana.sy\/tr\/?p=93445"},"modified":"2016-11-01T15:01:51","modified_gmt":"2016-11-01T13:01:51","slug":"derada-israil-destekli-nusra-cephesi-ve-catisi-altindaki-diger-teror-orgutlere-yonelik-operasyonlar-kapsaminda-ise-askeri-kaynak-urdun-sinirlarina-yakin-olmasiyla-cokuluslu-radikal-teroristl","status":"publish","type":"post","link":"https:\/\/archive.sana.sy\/tr\/?p=93445","title":{"rendered":"Dera\u2019da \u0130srail destekli Nusra Cephesi ve \u00e7at\u0131s\u0131 alt\u0131ndaki di\u011fer ter\u00f6r \u00f6rg\u00fctlere y\u00f6nelik operasyonlar kapsam\u0131nda ise askeri kaynak; \u00dcrd\u00fcn s\u0131n\u0131rlar\u0131na yak\u0131n olmas\u0131yla \u00e7okuluslu radikal ter\u00f6ristlerin ana karargahlar\u0131ndan biri say\u0131lan Dera Beled\u2019in muhtelif yerlerinde mevkileri, karargahlar\u0131 ve ara\u00e7lar\u0131n\u0131n yo\u011fun ate\u015fe tutuldu\u011funu kaydetti"},"content":{"rendered":"<p>Dera\u2019da \u0130srail destekli Nusra Cephesi ve \u00e7at\u0131s\u0131 alt\u0131ndaki di\u011fer ter\u00f6r \u00f6rg\u00fctlere y\u00f6nelik operasyonlar kapsam\u0131nda ise askeri kaynak; \u00dcrd\u00fcn s\u0131n\u0131rlar\u0131na yak\u0131n olmas\u0131yla \u00e7okuluslu radikal ter\u00f6ristlerin ana karargahlar\u0131ndan biri say\u0131lan Dera Beled\u2019in muhtelif yerlerinde mevkileri, karargahlar\u0131 ve ara\u00e7lar\u0131n\u0131n yo\u011fun ate\u015fe tutuldu\u011funu kaydetti<\/p>\n","protected":false},"excerpt":{"rendered":"<p>Dera\u2019da \u0130srail destekli Nusra Cephesi ve \u00e7at\u0131s\u0131 alt\u0131ndaki di\u011fer ter\u00f6r \u00f6rg\u00fctlere y\u00f6nelik operasyonlar kapsam\u0131nda ise askeri kaynak; \u00dcrd\u00fcn s\u0131n\u0131rlar\u0131na yak\u0131n olmas\u0131yla \u00e7okuluslu radikal ter\u00f6ristlerin ana karargahlar\u0131ndan biri say\u0131lan Dera Beled\u2019in muhtelif yerlerinde mevkileri, karargahlar\u0131 ve ara\u00e7lar\u0131n\u0131n yo\u011fun ate\u015fe tutuldu\u011funu kaydetti<\/p>\n","protected":false},"author":1,"featured_media":0,"comment_status":"closed","ping_status":"closed","sticky":false,"template":"","format":"standard","meta":{"footnotes":""},"categories":[17991],"tags":[],"class_list":["post-93445","post","type-post","status-publish","format-standard","","category-son-dakika"],"_links":{"self":[{"href":"https:\/\/archive.sana.sy\/tr\/index.php?rest_route=\/wp\/v2\/posts\/93445","targetHints":{"allow":["GET"]}}],"collection":[{"href":"https:\/\/archive.sana.sy\/tr\/index.php?rest_route=\/wp\/v2\/posts"}],"about":[{"href":"https:\/\/archive.sana.sy\/tr\/index.php?rest_route=\/wp\/v2\/types\/post"}],"author":[{"embeddable":true,"href":"https:\/\/archive.sana.sy\/tr\/index.php?rest_route=\/wp\/v2\/users\/1"}],"replies":[{"embeddable":true,"href":"https:\/\/archive.sana.sy\/tr\/index.php?rest_route=%2Fwp%2Fv2%2Fcomments&post=93445"}],"version-history":[{"count":0,"href":"https:\/\/archive.sana.sy\/tr\/index.php?rest_route=\/wp\/v2\/posts\/93445\/revisions"}],"wp:attachment":[{"href":"https:\/\/archive.sana.sy\/tr\/index.php?rest_route=%2Fwp%2Fv2%2Fmedia&parent=93445"}],"wp:term":[{"taxonomy":"category","embeddable":true,"href":"https:\/\/archive.sana.sy\/tr\/index.php?rest_route=%2Fwp%2Fv2%2Fcategories&post=93445"},{"taxonomy":"post_tag","embeddable":true,"href":"https:\/\/archive.sana.sy\/tr\/index.php?rest_route=%2Fwp%2Fv2%2Ftags&post=93445"}],"curies":[{"name":"wp","href":"https:\/\/api.w.org\/{rel}","templated":true}]}}