{"id":93447,"date":"2016-11-01T09:17:36","date_gmt":"2016-11-01T07:17:36","guid":{"rendered":"http:\/\/www.sana.sy\/tr\/?p=93447"},"modified":"2016-11-01T15:02:12","modified_gmt":"2016-11-01T13:02:12","slug":"kaynak-operasyonlarda-bir-kismi-agir-silahlarla-donatilmis-araclarin-yani-sira-siper-kurma-ve-ozel-mulkleri-tahrip-etmede-kullandiklari-bir-dozerin-terorist-ekipleriyle-birlikte-imha-edildigini-belirt","status":"publish","type":"post","link":"https:\/\/archive.sana.sy\/tr\/?p=93447","title":{"rendered":"Kaynak operasyonlarda bir k\u0131sm\u0131 a\u011f\u0131r silahlarla donat\u0131lm\u0131\u015f ara\u00e7lar\u0131n yan\u0131 s\u0131ra siper kurma ve \u00f6zel m\u00fclkleri tahrip etmede kulland\u0131klar\u0131 bir dozerin ter\u00f6rist ekipleriyle birlikte imha edildi\u011fini belirtti"},"content":{"rendered":"<p>Kaynak operasyonlarda bir k\u0131sm\u0131 a\u011f\u0131r silahlarla donat\u0131lm\u0131\u015f ara\u00e7lar\u0131n yan\u0131 s\u0131ra siper kurma ve \u00f6zel m\u00fclkleri tahrip etmede kulland\u0131klar\u0131 bir dozerin ter\u00f6rist ekipleriyle birlikte imha edildi\u011fini belirtti<\/p>\n","protected":false},"excerpt":{"rendered":"<p>Kaynak operasyonlarda bir k\u0131sm\u0131 a\u011f\u0131r silahlarla donat\u0131lm\u0131\u015f ara\u00e7lar\u0131n yan\u0131 s\u0131ra siper kurma ve \u00f6zel m\u00fclkleri tahrip etmede kulland\u0131klar\u0131 bir dozerin ter\u00f6rist ekipleriyle birlikte imha edildi\u011fini belirtti<\/p>\n","protected":false},"author":1,"featured_media":0,"comment_status":"closed","ping_status":"closed","sticky":false,"template":"","format":"standard","meta":{"footnotes":""},"categories":[17991],"tags":[],"class_list":["post-93447","post","type-post","status-publish","format-standard","","category-son-dakika"],"_links":{"self":[{"href":"https:\/\/archive.sana.sy\/tr\/index.php?rest_route=\/wp\/v2\/posts\/93447","targetHints":{"allow":["GET"]}}],"collection":[{"href":"https:\/\/archive.sana.sy\/tr\/index.php?rest_route=\/wp\/v2\/posts"}],"about":[{"href":"https:\/\/archive.sana.sy\/tr\/index.php?rest_route=\/wp\/v2\/types\/post"}],"author":[{"embeddable":true,"href":"https:\/\/archive.sana.sy\/tr\/index.php?rest_route=\/wp\/v2\/users\/1"}],"replies":[{"embeddable":true,"href":"https:\/\/archive.sana.sy\/tr\/index.php?rest_route=%2Fwp%2Fv2%2Fcomments&post=93447"}],"version-history":[{"count":0,"href":"https:\/\/archive.sana.sy\/tr\/index.php?rest_route=\/wp\/v2\/posts\/93447\/revisions"}],"wp:attachment":[{"href":"https:\/\/archive.sana.sy\/tr\/index.php?rest_route=%2Fwp%2Fv2%2Fmedia&parent=93447"}],"wp:term":[{"taxonomy":"category","embeddable":true,"href":"https:\/\/archive.sana.sy\/tr\/index.php?rest_route=%2Fwp%2Fv2%2Fcategories&post=93447"},{"taxonomy":"post_tag","embeddable":true,"href":"https:\/\/archive.sana.sy\/tr\/index.php?rest_route=%2Fwp%2Fv2%2Ftags&post=93447"}],"curies":[{"name":"wp","href":"https:\/\/api.w.org\/{rel}","templated":true}]}}