{"id":93450,"date":"2016-11-01T16:52:17","date_gmt":"2016-11-01T14:52:17","guid":{"rendered":"http:\/\/www.sana.sy\/tr\/?p=93450"},"modified":"2016-11-02T16:28:35","modified_gmt":"2016-11-02T14:28:35","slug":"tunelleri-araclari-ve-karargahlariyla-etkisizlestiriliyorlar","status":"publish","type":"post","link":"https:\/\/archive.sana.sy\/tr\/?p=93450","title":{"rendered":"T\u00fcnelleri Ara\u00e7lar\u0131 ve Karargahlar\u0131yla Etkisizle\u015ftiriliyorlar (video)"},"content":{"rendered":"<p>\u0130LLER \u2013 G\u00fcney\u2019de \u0130srail, kuzeyde de Erdo\u011fan gibi Suriye ve halk\u0131na d\u00fc\u015fman rejimlerin destekleyip y\u00f6nlendirdikleri ter\u00f6re kar\u015f\u0131 sava\u015f\u0131nda bug\u00fcn radikal ve hain ter\u00f6ristleri yine b\u00fcy\u00fck kay\u0131plara u\u011fratan ordu birliklerimiz kontrolleri alt\u0131ndaki b\u00f6lgeleri de geni\u015fletti.<\/p>\n<p><span style=\"color: #0000ff\">\u015eAM KIRSALI:<\/span><\/p>\n<p>Askeri kaynak ordu birliklerimizin bug\u00fcn Do\u011fu \u011euta\u2019n\u0131n Haresta B\u00f6lgesinde Vahhabi Suudi Arabistan rejimine tabi \u2018Cey\u015ful \u015eslam\u2019 (\u0130slam Ordusu) adl\u0131 radikal ter\u00f6ristlerin bir t\u00fcnelini muhtevalar\u0131yla imha ettiklerini belirtti.<\/p>\n<p>Kaynak yerin alt\u0131nda 14 km derinlikte a\u00e7\u0131lan ve boyu 160 metreyi a\u015fan t\u00fcnelin bir\u00e7ok y\u00f6nde mevcut kolu ile radikal ter\u00f6ristlerin muhtelif b\u00f6lgelerde mevcut karargahlar\u0131 ve siperlerine uzand\u0131\u011f\u0131na dikkat \u00e7ekti.<\/p>\n<p>https:\/\/www.youtube.com\/watch?v=9LsEH2x40aE<\/p>\n<p><span style=\"color: #0000ff\">DERA:<\/span><\/p>\n<p>Dera\u2019da \u0130srail destekli Nusra Cephesi ve \u00e7at\u0131s\u0131 alt\u0131ndaki di\u011fer ter\u00f6r \u00f6rg\u00fctlere y\u00f6nelik operasyonlar kapsam\u0131nda ise askeri kaynak; \u00dcrd\u00fcn s\u0131n\u0131rlar\u0131na yak\u0131n olmas\u0131yla \u00e7okuluslu radikal ter\u00f6ristlerin ana karargahlar\u0131ndan biri say\u0131lan Dera Beled\u2019in muhtelif yerlerinde mevkileri, karargahlar\u0131 ve ara\u00e7lar\u0131n\u0131n yo\u011fun ate\u015fe tutuldu\u011funu kaydetti.<\/p>\n<p>Kaynak operasyonlarda bir k\u0131sm\u0131 a\u011f\u0131r silahlarla donat\u0131lm\u0131\u015f ara\u00e7lar\u0131n yan\u0131 s\u0131ra siper kurma ve \u00f6zel m\u00fclkleri tahrip etmede kulland\u0131klar\u0131 bir dozerin ter\u00f6rist ekipleriyle birlikte imha edildi\u011fini belirtti.<\/p>\n<p><span style=\"color: #0000ff\">HALEP:<\/span><\/p>\n<p>Di\u011fer yandan SANA\u2019ya a\u00e7\u0131klamas\u0131nda askeri kaynak ordu birliklerimizin Halep\u2019te Erdo\u011fan ve Al Suud rejimlerinin destek ve y\u00f6nlendirmeleriyle sivil b\u00f6lgelere kar\u015f\u0131 vah\u015fetlerinde s\u0131n\u0131r tan\u0131mayan \u00e7okuluslu ve hain ter\u00f6ristlere kar\u015f\u0131 operasyonlar\u0131n ba\u015far\u0131yla devam etti\u011fini belirtti.<\/p>\n<p>Kaynak saflar\u0131nda y\u00fcksek say\u0131da yabanc\u0131 az\u0131l\u0131 ter\u00f6risti bar\u0131nd\u0131ran \u2018Cey\u015ful Fetih\u2019 (Fetih Ordusu) ad\u0131 alt\u0131nda toplanan \u00e7eteler ile kentin bat\u0131s\u0131 Benyamin B\u00f6lgesinde \u015fiddetli \u00e7at\u0131\u015fmalara girildi\u011fini ifade etti. \u00c7at\u0131\u015fmalarda aralar\u0131nda saha komutanlar\u0131n\u0131n bulundu\u011fu onlarca ter\u00f6ristin \u00f6ld\u00fcr\u00fcld\u00fc\u011f\u00fcn\u00fc kaydeden kaynak, a\u011f\u0131r makineli silahlarla donat\u0131lm\u0131\u015f ara\u00e7lar\u0131 ve top rampalar\u0131n\u0131n da imha edildi\u011fini s\u00f6zlerine ekledi.<\/p>\n<p>https:\/\/www.youtube.com\/watch?v=KkNMVBDxCZw<\/p>\n","protected":false},"excerpt":{"rendered":"<p>\u0130LLER \u2013 G\u00fcney\u2019de \u0130srail, kuzeyde de Erdo\u011fan gibi Suriye ve halk\u0131na d\u00fc\u015fman rejimlerin destekleyip y\u00f6nlendirdikleri ter\u00f6re kar\u015f\u0131 sava\u015f\u0131nda bug\u00fcn radikal ve hain ter\u00f6ristleri yine b\u00fcy\u00fck kay\u0131plara u\u011fratan ordu birliklerimiz kontrolleri alt\u0131ndaki b\u00f6lgeleri de geni\u015fletti. \u015eAM KIRSALI: Askeri kaynak ordu birliklerimizin bug\u00fcn Do\u011fu \u011euta\u2019n\u0131n Haresta B\u00f6lgesinde Vahhabi Suudi Arabistan rejimine tabi \u2018Cey\u015ful \u015eslam\u2019 (\u0130slam Ordusu) adl\u0131 &hellip;<\/p>\n","protected":false},"author":1,"featured_media":93463,"comment_status":"closed","ping_status":"closed","sticky":false,"template":"","format":"standard","meta":{"footnotes":""},"categories":[575,17988],"tags":[3464,23799,21046,18329,15787,21585,2318,13459,15945,22514,18347,18674,11549,19043,22182,19034,25038],"class_list":["post-93450","post","type-post","status-publish","format-standard","has-post-thumbnail","","category-olaylar-ve-gercekler","category-son-haberler","tag-nusra-cephesi","tag-ceysul-fetih","tag-ceysul-islam","tag-dais","tag-fetih-ordusu","tag-halepte-son-durum","tag-isid","tag-islam-ordusu","tag-ilimli-muhalifler","tag-nurettin-zenki-hareketi","tag-oso","tag-silahli-muhalifler","tag-suriye-ordusu","tag-suriyede-son-durum","tag-suriyede-savas","tag-suriyeli-muhalifler","tag-teroere-karsi-savas"],"_links":{"self":[{"href":"https:\/\/archive.sana.sy\/tr\/index.php?rest_route=\/wp\/v2\/posts\/93450","targetHints":{"allow":["GET"]}}],"collection":[{"href":"https:\/\/archive.sana.sy\/tr\/index.php?rest_route=\/wp\/v2\/posts"}],"about":[{"href":"https:\/\/archive.sana.sy\/tr\/index.php?rest_route=\/wp\/v2\/types\/post"}],"author":[{"embeddable":true,"href":"https:\/\/archive.sana.sy\/tr\/index.php?rest_route=\/wp\/v2\/users\/1"}],"replies":[{"embeddable":true,"href":"https:\/\/archive.sana.sy\/tr\/index.php?rest_route=%2Fwp%2Fv2%2Fcomments&post=93450"}],"version-history":[{"count":0,"href":"https:\/\/archive.sana.sy\/tr\/index.php?rest_route=\/wp\/v2\/posts\/93450\/revisions"}],"wp:featuredmedia":[{"embeddable":true,"href":"https:\/\/archive.sana.sy\/tr\/index.php?rest_route=\/wp\/v2\/media\/93463"}],"wp:attachment":[{"href":"https:\/\/archive.sana.sy\/tr\/index.php?rest_route=%2Fwp%2Fv2%2Fmedia&parent=93450"}],"wp:term":[{"taxonomy":"category","embeddable":true,"href":"https:\/\/archive.sana.sy\/tr\/index.php?rest_route=%2Fwp%2Fv2%2Fcategories&post=93450"},{"taxonomy":"post_tag","embeddable":true,"href":"https:\/\/archive.sana.sy\/tr\/index.php?rest_route=%2Fwp%2Fv2%2Ftags&post=93450"}],"curies":[{"name":"wp","href":"https:\/\/api.w.org\/{rel}","templated":true}]}}