{"id":93451,"date":"2016-11-01T15:18:26","date_gmt":"2016-11-01T13:18:26","guid":{"rendered":"http:\/\/www.sana.sy\/tr\/?p=93451"},"modified":"2016-11-01T15:18:26","modified_gmt":"2016-11-01T13:18:26","slug":"ordu-birliklerimiz-sam-kirsali-dogu-gutanin-haresta-bolgesinde-suudi-arabistan-rejimine-tabi-ceysul-sslam-adli-radikal-teroristlerin-bir-tunelini-imha-ettiler","status":"publish","type":"post","link":"https:\/\/archive.sana.sy\/tr\/?p=93451","title":{"rendered":"Ordu birliklerimiz \u015eam k\u0131rsal\u0131 Do\u011fu \u011euta\u2019n\u0131n Haresta B\u00f6lgesinde Suudi Arabistan rejimine tabi \u2018Cey\u015ful \u015eslam\u2019 adl\u0131 radikal ter\u00f6ristlerin bir t\u00fcnelini imha ettiler"},"content":{"rendered":"<p>Ordu birliklerimiz \u015eam k\u0131rsal\u0131 Do\u011fu \u011euta\u2019n\u0131n Haresta B\u00f6lgesinde Suudi Arabistan rejimine tabi \u2018Cey\u015ful \u015eslam\u2019 adl\u0131 radikal ter\u00f6ristlerin bir t\u00fcnelini imha ettiler<\/p>\n<p>https:\/\/www.youtube.com\/watch?v=9LsEH2x40aE<\/p>\n","protected":false},"excerpt":{"rendered":"<p>Ordu birliklerimiz \u015eam k\u0131rsal\u0131 Do\u011fu \u011euta\u2019n\u0131n Haresta B\u00f6lgesinde Suudi Arabistan rejimine tabi \u2018Cey\u015ful \u015eslam\u2019 adl\u0131 radikal ter\u00f6ristlerin bir t\u00fcnelini imha ettiler https:\/\/www.youtube.com\/watch?v=9LsEH2x40aE<\/p>\n","protected":false},"author":1,"featured_media":93457,"comment_status":"closed","ping_status":"closed","sticky":false,"template":"","format":"standard","meta":{"footnotes":""},"categories":[18295],"tags":[21046,18237,13459,25036,11549,19034,25037],"class_list":["post-93451","post","type-post","status-publish","format-standard","has-post-thumbnail","","category-sana-video","tag-ceysul-islam","tag-cihatcilar","tag-islam-ordusu","tag-radikal-teror-orgutleri","tag-suriye-ordusu","tag-suriyeli-muhalifler","tag-tunel-imha-edildi"],"_links":{"self":[{"href":"https:\/\/archive.sana.sy\/tr\/index.php?rest_route=\/wp\/v2\/posts\/93451","targetHints":{"allow":["GET"]}}],"collection":[{"href":"https:\/\/archive.sana.sy\/tr\/index.php?rest_route=\/wp\/v2\/posts"}],"about":[{"href":"https:\/\/archive.sana.sy\/tr\/index.php?rest_route=\/wp\/v2\/types\/post"}],"author":[{"embeddable":true,"href":"https:\/\/archive.sana.sy\/tr\/index.php?rest_route=\/wp\/v2\/users\/1"}],"replies":[{"embeddable":true,"href":"https:\/\/archive.sana.sy\/tr\/index.php?rest_route=%2Fwp%2Fv2%2Fcomments&post=93451"}],"version-history":[{"count":0,"href":"https:\/\/archive.sana.sy\/tr\/index.php?rest_route=\/wp\/v2\/posts\/93451\/revisions"}],"wp:featuredmedia":[{"embeddable":true,"href":"https:\/\/archive.sana.sy\/tr\/index.php?rest_route=\/wp\/v2\/media\/93457"}],"wp:attachment":[{"href":"https:\/\/archive.sana.sy\/tr\/index.php?rest_route=%2Fwp%2Fv2%2Fmedia&parent=93451"}],"wp:term":[{"taxonomy":"category","embeddable":true,"href":"https:\/\/archive.sana.sy\/tr\/index.php?rest_route=%2Fwp%2Fv2%2Fcategories&post=93451"},{"taxonomy":"post_tag","embeddable":true,"href":"https:\/\/archive.sana.sy\/tr\/index.php?rest_route=%2Fwp%2Fv2%2Ftags&post=93451"}],"curies":[{"name":"wp","href":"https:\/\/api.w.org\/{rel}","templated":true}]}}