{"id":93468,"date":"2016-11-01T10:51:37","date_gmt":"2016-11-01T08:51:37","guid":{"rendered":"http:\/\/www.sana.sy\/tr\/?p=93468"},"modified":"2016-11-02T18:20:47","modified_gmt":"2016-11-02T16:20:47","slug":"23-milyondan-fazla-cocuk-asilandi","status":"publish","type":"post","link":"https:\/\/archive.sana.sy\/tr\/?p=93468","title":{"rendered":"2,3 Milyondan Fazla \u00c7ocuk A\u015f\u0131land\u0131"},"content":{"rendered":"<p>\u015eAM \u2013 Sa\u011fl\u0131k Bakanl\u0131\u011f\u0131 16 ila 20 Ekim tarihleri aras\u0131nda BM UNICEf \u00d6rg\u00fct\u00fc ve D\u00fcnya Sa\u011fl\u0131k \u00d6rg\u00fct\u00fc ile i\u015fbirli\u011fi i\u00e7inde d\u00fczenledi\u011fi ulusal a\u015f\u0131 kampanyas\u0131nda \u00e7ocuk felcine kar\u015f\u0131 a\u015f\u0131lanan be\u015f ya\u015f alt\u0131 \u00e7ocuk say\u0131s\u0131n\u0131n 2,3 milyonu a\u00e7t\u0131\u011f\u0131n\u0131 belirtti.<\/p>\n<p>Sa\u011fl\u0131k Bakan\u0131 Nizar Yaz\u0131c\u0131 bug\u00fcn SANA\u2019ya yapt\u0131\u011f\u0131 a\u00e7\u0131klamada; Suriye&#8217;nin istisnas\u0131z t\u00fcm b\u00f6lgelerine ula\u015f\u0131lmaya \u00e7al\u0131\u015f\u0131lan a\u015f\u0131 kampanyas\u0131nda 2 milyon 324 bin 720 \u00e7ocu\u011fun a\u015f\u0131land\u0131\u011f\u0131n\u0131 kaydetti.<\/p>\n<p>Bakan Yaz\u0131c\u0131 a\u015f\u0131 kampanyas\u0131 kapsam\u0131nda UNICEF ve DS\u00d6\u2019n\u00fcn i\u015fbirli\u011fi ile Rakka ve \u0130dlib kentlerine a\u015f\u0131lar\u0131n g\u00f6nderilmeye \u00e7al\u0131\u015f\u0131lmas\u0131na ra\u011fmen bu kentlerde bulunan ter\u00f6r \u00f6rg\u00fctlerin a\u015f\u0131lar\u0131n kentlere giri\u015flerine izin vermediklerine dikkat \u00e7ekti.<\/p>\n","protected":false},"excerpt":{"rendered":"<p>\u015eAM \u2013 Sa\u011fl\u0131k Bakanl\u0131\u011f\u0131 16 ila 20 Ekim tarihleri aras\u0131nda BM UNICEf \u00d6rg\u00fct\u00fc ve D\u00fcnya Sa\u011fl\u0131k \u00d6rg\u00fct\u00fc ile i\u015fbirli\u011fi i\u00e7inde d\u00fczenledi\u011fi ulusal a\u015f\u0131 kampanyas\u0131nda \u00e7ocuk felcine kar\u015f\u0131 a\u015f\u0131lanan be\u015f ya\u015f alt\u0131 \u00e7ocuk say\u0131s\u0131n\u0131n 2,3 milyonu a\u00e7t\u0131\u011f\u0131n\u0131 belirtti. Sa\u011fl\u0131k Bakan\u0131 Nizar Yaz\u0131c\u0131 bug\u00fcn SANA\u2019ya yapt\u0131\u011f\u0131 a\u00e7\u0131klamada; Suriye&#8217;nin istisnas\u0131z t\u00fcm b\u00f6lgelerine ula\u015f\u0131lmaya \u00e7al\u0131\u015f\u0131lan a\u015f\u0131 kampanyas\u0131nda 2 milyon &hellip;<\/p>\n","protected":false},"author":1,"featured_media":93469,"comment_status":"closed","ping_status":"closed","sticky":false,"template":"","format":"standard","meta":{"footnotes":""},"categories":[479,17988,478],"tags":[24804,25041,24805,19684,4121,13777],"class_list":["post-93468","post","type-post","status-publish","format-standard","has-post-thumbnail","","category-haberler-yerel","category-son-haberler","category-yerel","tag-asi-kampanyasi","tag-bes-yas-alti-cocuklar","tag-cocuk-felci","tag-nizar-yazici","tag-saglik-bakani","tag-saglik-bakanligi"],"_links":{"self":[{"href":"https:\/\/archive.sana.sy\/tr\/index.php?rest_route=\/wp\/v2\/posts\/93468","targetHints":{"allow":["GET"]}}],"collection":[{"href":"https:\/\/archive.sana.sy\/tr\/index.php?rest_route=\/wp\/v2\/posts"}],"about":[{"href":"https:\/\/archive.sana.sy\/tr\/index.php?rest_route=\/wp\/v2\/types\/post"}],"author":[{"embeddable":true,"href":"https:\/\/archive.sana.sy\/tr\/index.php?rest_route=\/wp\/v2\/users\/1"}],"replies":[{"embeddable":true,"href":"https:\/\/archive.sana.sy\/tr\/index.php?rest_route=%2Fwp%2Fv2%2Fcomments&post=93468"}],"version-history":[{"count":0,"href":"https:\/\/archive.sana.sy\/tr\/index.php?rest_route=\/wp\/v2\/posts\/93468\/revisions"}],"wp:featuredmedia":[{"embeddable":true,"href":"https:\/\/archive.sana.sy\/tr\/index.php?rest_route=\/wp\/v2\/media\/93469"}],"wp:attachment":[{"href":"https:\/\/archive.sana.sy\/tr\/index.php?rest_route=%2Fwp%2Fv2%2Fmedia&parent=93468"}],"wp:term":[{"taxonomy":"category","embeddable":true,"href":"https:\/\/archive.sana.sy\/tr\/index.php?rest_route=%2Fwp%2Fv2%2Fcategories&post=93468"},{"taxonomy":"post_tag","embeddable":true,"href":"https:\/\/archive.sana.sy\/tr\/index.php?rest_route=%2Fwp%2Fv2%2Ftags&post=93468"}],"curies":[{"name":"wp","href":"https:\/\/api.w.org\/{rel}","templated":true}]}}