{"id":93473,"date":"2016-11-01T16:16:56","date_gmt":"2016-11-01T14:16:56","guid":{"rendered":"http:\/\/www.sana.sy\/tr\/?p=93473"},"modified":"2016-11-02T17:17:52","modified_gmt":"2016-11-02T15:17:52","slug":"sebke-parki-yeniden-hizmete-acildi","status":"publish","type":"post","link":"https:\/\/archive.sana.sy\/tr\/?p=93473","title":{"rendered":"Sebke Park\u0131 Yeniden Hizmete A\u00e7\u0131ld\u0131 (video)"},"content":{"rendered":"<p>\u015eAM \u2013 Ba\u015fkent \u015eam\u2019\u0131n Sebke Park\u0131 \u015eam Valili\u011fi taraf\u0131ndan 100 milyon lira b\u00fct\u00e7eyle onar\u0131lmas\u0131 ard\u0131ndan Ulusal \u00c7evre G\u00fcn\u00fc m\u00fcnasebetiyle bug\u00fcn yeniden hizmete a\u00e7\u0131ld\u0131.<\/p>\n<p>\u015eam ahalisinin 1950\u2019li y\u0131llardan g\u00fcn\u00fcm\u00fcze dek haf\u0131zalar\u0131n\u0131 ta\u015f\u0131mas\u0131yla muhtelif sivil toplum kurumlar\u0131n\u0131n i\u015fbirli\u011fi ile onar\u0131lan park 14,5 d\u00f6n\u00fcm\u00fc ye\u015fil alan olmak \u00fczere 20 d\u00f6n\u00fcml\u00fck arazi \u00fczerinde yer al\u0131yor. Parkta 600 metre kare alan \u00fczerinde \u00e7ocuk park\u0131, 550 metre kare alan \u00fczerinde de su g\u00f6leti bulunuyor.<\/p>\n<div id='gallery-1' class='gallery galleryid-93473 gallery-columns-3 gallery-size-thumbnail'><figure class='gallery-item'>\n\t\t\t<div class='gallery-icon portrait'>\n\t\t\t\t<a href='https:\/\/archive.sana.sy\/tr\/wp-content\/uploads\/2016\/11\/Sebke-Park\u0131-2.jpg'><img loading=\"lazy\" decoding=\"async\" width=\"100\" height=\"150\" src=\"https:\/\/archive.sana.sy\/tr\/wp-content\/uploads\/2016\/11\/Sebke-Park\u0131-2-100x150.jpg\" class=\"attachment-thumbnail size-thumbnail\" alt=\"\" srcset=\"https:\/\/archive.sana.sy\/tr\/wp-content\/uploads\/2016\/11\/Sebke-Park\u0131-2-100x150.jpg 100w, https:\/\/archive.sana.sy\/tr\/wp-content\/uploads\/2016\/11\/Sebke-Park\u0131-2-200x300.jpg 200w, https:\/\/archive.sana.sy\/tr\/wp-content\/uploads\/2016\/11\/Sebke-Park\u0131-2.jpg 500w\" sizes=\"auto, (max-width: 100px) 100vw, 100px\" \/><\/a>\n\t\t\t<\/div><\/figure><figure class='gallery-item'>\n\t\t\t<div class='gallery-icon landscape'>\n\t\t\t\t<a href='https:\/\/archive.sana.sy\/tr\/wp-content\/uploads\/2016\/11\/Sebke-Park\u0131-3.jpg'><img loading=\"lazy\" decoding=\"async\" width=\"150\" height=\"100\" src=\"https:\/\/archive.sana.sy\/tr\/wp-content\/uploads\/2016\/11\/Sebke-Park\u0131-3-150x100.jpg\" class=\"attachment-thumbnail size-thumbnail\" alt=\"\" srcset=\"https:\/\/archive.sana.sy\/tr\/wp-content\/uploads\/2016\/11\/Sebke-Park\u0131-3-150x100.jpg 150w, https:\/\/archive.sana.sy\/tr\/wp-content\/uploads\/2016\/11\/Sebke-Park\u0131-3-300x200.jpg 300w, https:\/\/archive.sana.sy\/tr\/wp-content\/uploads\/2016\/11\/Sebke-Park\u0131-3-310x205.jpg 310w, https:\/\/archive.sana.sy\/tr\/wp-content\/uploads\/2016\/11\/Sebke-Park\u0131-3.jpg 500w\" sizes=\"auto, (max-width: 150px) 100vw, 150px\" \/><\/a>\n\t\t\t<\/div><\/figure><figure class='gallery-item'>\n\t\t\t<div class='gallery-icon landscape'>\n\t\t\t\t<a href='https:\/\/archive.sana.sy\/tr\/wp-content\/uploads\/2016\/11\/Sebke-Park\u0131-5.jpg'><img loading=\"lazy\" decoding=\"async\" width=\"150\" height=\"101\" src=\"https:\/\/archive.sana.sy\/tr\/wp-content\/uploads\/2016\/11\/Sebke-Park\u0131-5-150x101.jpg\" class=\"attachment-thumbnail size-thumbnail\" alt=\"\" srcset=\"https:\/\/archive.sana.sy\/tr\/wp-content\/uploads\/2016\/11\/Sebke-Park\u0131-5-150x101.jpg 150w, https:\/\/archive.sana.sy\/tr\/wp-content\/uploads\/2016\/11\/Sebke-Park\u0131-5-300x202.jpg 300w, https:\/\/archive.sana.sy\/tr\/wp-content\/uploads\/2016\/11\/Sebke-Park\u0131-5-110x75.jpg 110w, https:\/\/archive.sana.sy\/tr\/wp-content\/uploads\/2016\/11\/Sebke-Park\u0131-5.jpg 500w\" sizes=\"auto, (max-width: 150px) 100vw, 150px\" \/><\/a>\n\t\t\t<\/div><\/figure><figure class='gallery-item'>\n\t\t\t<div class='gallery-icon landscape'>\n\t\t\t\t<a href='https:\/\/archive.sana.sy\/tr\/wp-content\/uploads\/2016\/11\/Sebke-Park\u0131-6.jpg'><img loading=\"lazy\" decoding=\"async\" width=\"150\" height=\"100\" src=\"https:\/\/archive.sana.sy\/tr\/wp-content\/uploads\/2016\/11\/Sebke-Park\u0131-6-150x100.jpg\" class=\"attachment-thumbnail size-thumbnail\" alt=\"\" srcset=\"https:\/\/archive.sana.sy\/tr\/wp-content\/uploads\/2016\/11\/Sebke-Park\u0131-6-150x100.jpg 150w, https:\/\/archive.sana.sy\/tr\/wp-content\/uploads\/2016\/11\/Sebke-Park\u0131-6-300x200.jpg 300w, https:\/\/archive.sana.sy\/tr\/wp-content\/uploads\/2016\/11\/Sebke-Park\u0131-6-310x205.jpg 310w, https:\/\/archive.sana.sy\/tr\/wp-content\/uploads\/2016\/11\/Sebke-Park\u0131-6.jpg 500w\" sizes=\"auto, (max-width: 150px) 100vw, 150px\" \/><\/a>\n\t\t\t<\/div><\/figure><figure class='gallery-item'>\n\t\t\t<div class='gallery-icon landscape'>\n\t\t\t\t<a href='https:\/\/archive.sana.sy\/tr\/wp-content\/uploads\/2016\/11\/Sebke-Park\u0131-7.jpg'><img loading=\"lazy\" decoding=\"async\" width=\"150\" height=\"100\" src=\"https:\/\/archive.sana.sy\/tr\/wp-content\/uploads\/2016\/11\/Sebke-Park\u0131-7-150x100.jpg\" class=\"attachment-thumbnail size-thumbnail\" alt=\"\" srcset=\"https:\/\/archive.sana.sy\/tr\/wp-content\/uploads\/2016\/11\/Sebke-Park\u0131-7-150x100.jpg 150w, https:\/\/archive.sana.sy\/tr\/wp-content\/uploads\/2016\/11\/Sebke-Park\u0131-7-300x200.jpg 300w, https:\/\/archive.sana.sy\/tr\/wp-content\/uploads\/2016\/11\/Sebke-Park\u0131-7-310x205.jpg 310w, https:\/\/archive.sana.sy\/tr\/wp-content\/uploads\/2016\/11\/Sebke-Park\u0131-7.jpg 500w\" sizes=\"auto, (max-width: 150px) 100vw, 150px\" \/><\/a>\n\t\t\t<\/div><\/figure><figure class='gallery-item'>\n\t\t\t<div class='gallery-icon landscape'>\n\t\t\t\t<a href='https:\/\/archive.sana.sy\/tr\/wp-content\/uploads\/2016\/11\/Sebke-Park\u0131-8.jpg'><img loading=\"lazy\" decoding=\"async\" width=\"150\" height=\"75\" src=\"https:\/\/archive.sana.sy\/tr\/wp-content\/uploads\/2016\/11\/Sebke-Park\u0131-8-150x75.jpg\" class=\"attachment-thumbnail size-thumbnail\" alt=\"\" srcset=\"https:\/\/archive.sana.sy\/tr\/wp-content\/uploads\/2016\/11\/Sebke-Park\u0131-8-150x75.jpg 150w, https:\/\/archive.sana.sy\/tr\/wp-content\/uploads\/2016\/11\/Sebke-Park\u0131-8-300x150.jpg 300w, https:\/\/archive.sana.sy\/tr\/wp-content\/uploads\/2016\/11\/Sebke-Park\u0131-8.jpg 660w\" sizes=\"auto, (max-width: 150px) 100vw, 150px\" \/><\/a>\n\t\t\t<\/div><\/figure>\n\t\t<\/div>\n\n<p>https:\/\/www.youtube.com\/watch?v=QOSCHZS9mEo<\/p>\n","protected":false},"excerpt":{"rendered":"<p>\u015eAM \u2013 Ba\u015fkent \u015eam\u2019\u0131n Sebke Park\u0131 \u015eam Valili\u011fi taraf\u0131ndan 100 milyon lira b\u00fct\u00e7eyle onar\u0131lmas\u0131 ard\u0131ndan Ulusal \u00c7evre G\u00fcn\u00fc m\u00fcnasebetiyle bug\u00fcn yeniden hizmete a\u00e7\u0131ld\u0131. \u015eam ahalisinin 1950\u2019li y\u0131llardan g\u00fcn\u00fcm\u00fcze dek haf\u0131zalar\u0131n\u0131 ta\u015f\u0131mas\u0131yla muhtelif sivil toplum kurumlar\u0131n\u0131n i\u015fbirli\u011fi ile onar\u0131lan park 14,5 d\u00f6n\u00fcm\u00fc ye\u015fil alan olmak \u00fczere 20 d\u00f6n\u00fcml\u00fck arazi \u00fczerinde yer al\u0131yor. Parkta 600 metre kare &hellip;<\/p>\n","protected":false},"author":1,"featured_media":93474,"comment_status":"closed","ping_status":"closed","sticky":false,"template":"","format":"standard","meta":{"footnotes":""},"categories":[526,479,17988,525,478],"tags":[25045,25043,25042,25044],"class_list":["post-93473","post","type-post","status-publish","format-standard","has-post-thumbnail","","category-haber-ve-raporlar","category-haberler-yerel","category-son-haberler","category-toplum","category-yerel","tag-cevre-gunu","tag-halk-parki","tag-sebke-parki-yeniden-hizmete-acildi","tag-ulusal-cevre-gunu"],"_links":{"self":[{"href":"https:\/\/archive.sana.sy\/tr\/index.php?rest_route=\/wp\/v2\/posts\/93473","targetHints":{"allow":["GET"]}}],"collection":[{"href":"https:\/\/archive.sana.sy\/tr\/index.php?rest_route=\/wp\/v2\/posts"}],"about":[{"href":"https:\/\/archive.sana.sy\/tr\/index.php?rest_route=\/wp\/v2\/types\/post"}],"author":[{"embeddable":true,"href":"https:\/\/archive.sana.sy\/tr\/index.php?rest_route=\/wp\/v2\/users\/1"}],"replies":[{"embeddable":true,"href":"https:\/\/archive.sana.sy\/tr\/index.php?rest_route=%2Fwp%2Fv2%2Fcomments&post=93473"}],"version-history":[{"count":0,"href":"https:\/\/archive.sana.sy\/tr\/index.php?rest_route=\/wp\/v2\/posts\/93473\/revisions"}],"wp:featuredmedia":[{"embeddable":true,"href":"https:\/\/archive.sana.sy\/tr\/index.php?rest_route=\/wp\/v2\/media\/93474"}],"wp:attachment":[{"href":"https:\/\/archive.sana.sy\/tr\/index.php?rest_route=%2Fwp%2Fv2%2Fmedia&parent=93473"}],"wp:term":[{"taxonomy":"category","embeddable":true,"href":"https:\/\/archive.sana.sy\/tr\/index.php?rest_route=%2Fwp%2Fv2%2Fcategories&post=93473"},{"taxonomy":"post_tag","embeddable":true,"href":"https:\/\/archive.sana.sy\/tr\/index.php?rest_route=%2Fwp%2Fv2%2Ftags&post=93473"}],"curies":[{"name":"wp","href":"https:\/\/api.w.org\/{rel}","templated":true}]}}