{"id":93482,"date":"2016-11-01T16:51:02","date_gmt":"2016-11-01T14:51:02","guid":{"rendered":"http:\/\/www.sana.sy\/tr\/?p=93482"},"modified":"2016-11-01T16:51:02","modified_gmt":"2016-11-01T14:51:02","slug":"halep-emniyet-mudurlugunde-bir-kaynak-sanaya-aciklamasinda-eli-kanli-erdogan-cetelerinin-hamadaniye-smetine-gelisiguzel-fuze-saldirilarinda-aralarinda-bir-cocugun-bulundugu-4-vatandasin-yaral","status":"publish","type":"post","link":"https:\/\/archive.sana.sy\/tr\/?p=93482","title":{"rendered":"Halep Emniyet M\u00fcd\u00fcrl\u00fc\u011f\u00fcnde bir kaynak SANA\u2019ya a\u00e7\u0131klamas\u0131nda eli kanl\u0131 Erdo\u011fan \u00e7etelerinin Hamadaniye Smetine geli\u015fig\u00fczel f\u00fcze sald\u0131r\u0131lar\u0131nda aralar\u0131nda bir \u00e7ocu\u011fun bulundu\u011fu 4 vatanda\u015f\u0131n yaraland\u0131\u011f\u0131n\u0131 kaydetti."},"content":{"rendered":"<p>Halep Emniyet M\u00fcd\u00fcrl\u00fc\u011f\u00fcnde bir kaynak SANA\u2019ya a\u00e7\u0131klamas\u0131nda eli kanl\u0131 Erdo\u011fan \u00e7etelerinin Hamadaniye Smetine geli\u015fig\u00fczel f\u00fcze sald\u0131r\u0131lar\u0131nda aralar\u0131nda bir \u00e7ocu\u011fun bulundu\u011fu 4 vatanda\u015f\u0131n yaraland\u0131\u011f\u0131n\u0131 kaydetti.<\/p>\n","protected":false},"excerpt":{"rendered":"<p>Halep Emniyet M\u00fcd\u00fcrl\u00fc\u011f\u00fcnde bir kaynak SANA\u2019ya a\u00e7\u0131klamas\u0131nda eli kanl\u0131 Erdo\u011fan \u00e7etelerinin Hamadaniye Smetine geli\u015fig\u00fczel f\u00fcze sald\u0131r\u0131lar\u0131nda aralar\u0131nda bir \u00e7ocu\u011fun bulundu\u011fu 4 vatanda\u015f\u0131n yaraland\u0131\u011f\u0131n\u0131 kaydetti.<\/p>\n","protected":false},"author":1,"featured_media":0,"comment_status":"closed","ping_status":"closed","sticky":false,"template":"","format":"standard","meta":{"footnotes":""},"categories":[17991],"tags":[],"class_list":["post-93482","post","type-post","status-publish","format-standard","","category-son-dakika"],"_links":{"self":[{"href":"https:\/\/archive.sana.sy\/tr\/index.php?rest_route=\/wp\/v2\/posts\/93482","targetHints":{"allow":["GET"]}}],"collection":[{"href":"https:\/\/archive.sana.sy\/tr\/index.php?rest_route=\/wp\/v2\/posts"}],"about":[{"href":"https:\/\/archive.sana.sy\/tr\/index.php?rest_route=\/wp\/v2\/types\/post"}],"author":[{"embeddable":true,"href":"https:\/\/archive.sana.sy\/tr\/index.php?rest_route=\/wp\/v2\/users\/1"}],"replies":[{"embeddable":true,"href":"https:\/\/archive.sana.sy\/tr\/index.php?rest_route=%2Fwp%2Fv2%2Fcomments&post=93482"}],"version-history":[{"count":0,"href":"https:\/\/archive.sana.sy\/tr\/index.php?rest_route=\/wp\/v2\/posts\/93482\/revisions"}],"wp:attachment":[{"href":"https:\/\/archive.sana.sy\/tr\/index.php?rest_route=%2Fwp%2Fv2%2Fmedia&parent=93482"}],"wp:term":[{"taxonomy":"category","embeddable":true,"href":"https:\/\/archive.sana.sy\/tr\/index.php?rest_route=%2Fwp%2Fv2%2Fcategories&post=93482"},{"taxonomy":"post_tag","embeddable":true,"href":"https:\/\/archive.sana.sy\/tr\/index.php?rest_route=%2Fwp%2Fv2%2Ftags&post=93482"}],"curies":[{"name":"wp","href":"https:\/\/api.w.org\/{rel}","templated":true}]}}