{"id":93514,"date":"2016-11-02T13:20:24","date_gmt":"2016-11-02T11:20:24","guid":{"rendered":"http:\/\/www.sana.sy\/tr\/?p=93514"},"modified":"2016-11-03T17:28:31","modified_gmt":"2016-11-03T15:28:31","slug":"guvenli-gecitlerin-ilki-idlib-ikincisi-turkiye-sinirlarina-aciliyor","status":"publish","type":"post","link":"https:\/\/archive.sana.sy\/tr\/?p=93514","title":{"rendered":"G\u00fcvenli Ge\u00e7itlerin \u0130lki \u0130dlib, \u0130kincisi T\u00fcrkiye S\u0131n\u0131rlar\u0131na A\u00e7\u0131l\u0131yor"},"content":{"rendered":"<p>MOSKOVA \u2013 Rusya Genelkurmay Ba\u015fkanl\u0131\u011f\u0131 Suriye y\u00f6netimi ile koordinasyon i\u00e7inde al\u0131nan karar kapsam\u0131nda \u00f6n\u00fcm\u00fczdeki Cuma g\u00fcn\u00fc Halep\u2019te insani ama\u00e7l\u0131 olarak \u00e7at\u0131\u015fmalar\u0131n 10 saat durdurulaca\u011f\u0131n\u0131 ilan etti.<\/p>\n<p>Rus Genelkurmayl\u0131\u011f\u0131 yay\u0131nlad\u0131\u011f\u0131 b\u00fcltende Halep&#8217;te insani ama\u00e7l\u0131 olarak \u00e7at\u0131\u015fmalar\u0131n Cuma g\u00fcn\u00fc sabah saat 09:00\u2019dan saat 19:00\u2019a dek \u00e7at\u0131\u015fmalar\u0131n durdurulaca\u011f\u0131n\u0131 kaydetti.<\/p>\n<p>Halep\u2019in do\u011fu semtlerinde bulunan silahl\u0131lar ve eleba\u015flar\u0131n\u0131 bu s\u00fcre i\u00e7inde sald\u0131r\u0131lar\u0131n\u0131 durdurmaya ve bu semtlerden \u00e7\u0131kmaya \u00e7a\u011fr\u0131 yap\u0131lan b\u00fcltende; ABD\u2019nin \u2018muhalifler\u2019 olarak nitelendirdi\u011fi gruplar\u0131 ter\u00f6r \u00f6rg\u00fctlerden ay\u0131rmay\u0131 ba\u015faramad\u0131\u011f\u0131na dikkat \u00e7ekildi. B\u00fcltende bunun \u0131\u015f\u0131\u011f\u0131nda Halep\u2019in do\u011fu semtlerinde bulunan silahl\u0131lar\u0131n silahlar\u0131yla birlikte \u00e7\u0131kmalar\u0131 i\u00e7in iki g\u00fcvenli ge\u00e7it a\u00e7\u0131ld\u0131\u011f\u0131na vurgu yap\u0131ld\u0131. Ge\u00e7itlerin birinin T\u00fcrkiye s\u0131n\u0131rlar\u0131na a\u00e7\u0131ld\u0131\u011f\u0131 belirtilen b\u00fcltende, ikinci ge\u00e7idin ise \u0130dlib\u2019e a\u00e7\u0131ld\u0131\u011f\u0131 ifade edildi.<\/p>\n<p>B\u00fcltende ayr\u0131ca daha \u00f6nce sivillerin ve yaral\u0131lar\u0131n \u00e7\u0131k\u0131\u015flar\u0131 i\u00e7in a\u00e7\u0131lan alt\u0131 ge\u00e7idin faal kalaca\u011f\u0131, bu ge\u00e7itlerden \u00e7\u0131kan herkese g\u00fcvenlik ve gereken t\u00fcm yard\u0131mlar\u0131n temin edilece\u011finin alt\u0131 \u00e7izildi.<\/p>\n<p>\u00d6te yandan b\u00fcltende; son birka\u00e7 hafta i\u00e7inde Halep\u2019in do\u011fu semtlerinde mevcut ter\u00f6ristlerin i\u00e7ine al\u0131nd\u0131klar\u0131 \u00e7emberi k\u0131rmak i\u00e7in yap\u0131lan t\u00fcm sald\u0131r\u0131lar\u0131n ba\u015far\u0131s\u0131zl\u0131kla sonu\u00e7land\u0131\u011f\u0131na dikkat \u00e7ekilirken, muhtelif isimler alt\u0131nda faaliyet g\u00f6steren ter\u00f6r \u00f6rg\u00fctlerin de\u011fi\u015fik sloganlar alt\u0131nda bulunduklar\u0131 h\u0131r\u00e7\u0131n sald\u0131r\u0131lar\u0131n \u00e7\u00f6kertildi\u011fi kaydedildi. Bu sald\u0131r\u0131 giri\u015fimlerinde ter\u00f6ristlerin say\u0131 a\u00e7\u0131s\u0131ndan olduk\u00e7a b\u00fcy\u00fck kay\u0131plar verdiklerinin alt\u0131 \u00e7izildi\u011fi b\u00fcltende, ara\u00e7, ekipman ve cephane a\u00e7\u0131s\u0131ndan da ciddi kay\u0131plara u\u011frat\u0131ld\u0131klar\u0131 ifade edildi.<\/p>\n","protected":false},"excerpt":{"rendered":"<p>MOSKOVA \u2013 Rusya Genelkurmay Ba\u015fkanl\u0131\u011f\u0131 Suriye y\u00f6netimi ile koordinasyon i\u00e7inde al\u0131nan karar kapsam\u0131nda \u00f6n\u00fcm\u00fczdeki Cuma g\u00fcn\u00fc Halep\u2019te insani ama\u00e7l\u0131 olarak \u00e7at\u0131\u015fmalar\u0131n 10 saat durdurulaca\u011f\u0131n\u0131 ilan etti. Rus Genelkurmayl\u0131\u011f\u0131 yay\u0131nlad\u0131\u011f\u0131 b\u00fcltende Halep&#8217;te insani ama\u00e7l\u0131 olarak \u00e7at\u0131\u015fmalar\u0131n Cuma g\u00fcn\u00fc sabah saat 09:00\u2019dan saat 19:00\u2019a dek \u00e7at\u0131\u015fmalar\u0131n durdurulaca\u011f\u0131n\u0131 kaydetti. Halep\u2019in do\u011fu semtlerinde bulunan silahl\u0131lar ve eleba\u015flar\u0131n\u0131 bu s\u00fcre &hellip;<\/p>\n","protected":false},"author":1,"featured_media":93515,"comment_status":"closed","ping_status":"closed","sticky":false,"template":"","format":"standard","meta":{"footnotes":""},"categories":[458,459,575,17988],"tags":[25054,24219,25055,25056,18811,19174,22182],"class_list":["post-93514","post","type-post","status-publish","format-standard","has-post-thumbnail","","category-dunya1","category-haberler-arap-uluslararasi-politika","category-olaylar-ve-gercekler","category-son-haberler","tag-guvenli-gecitlerin-ilki-idlib","tag-halepte-son-durumlar","tag-ikincisi-turkiye-sinirlarina-aciliyor","tag-rus-genelkurmayligi","tag-rusya-genelkurmay-baskanligi","tag-suriyede-son-durumlar","tag-suriyede-savas"],"_links":{"self":[{"href":"https:\/\/archive.sana.sy\/tr\/index.php?rest_route=\/wp\/v2\/posts\/93514","targetHints":{"allow":["GET"]}}],"collection":[{"href":"https:\/\/archive.sana.sy\/tr\/index.php?rest_route=\/wp\/v2\/posts"}],"about":[{"href":"https:\/\/archive.sana.sy\/tr\/index.php?rest_route=\/wp\/v2\/types\/post"}],"author":[{"embeddable":true,"href":"https:\/\/archive.sana.sy\/tr\/index.php?rest_route=\/wp\/v2\/users\/1"}],"replies":[{"embeddable":true,"href":"https:\/\/archive.sana.sy\/tr\/index.php?rest_route=%2Fwp%2Fv2%2Fcomments&post=93514"}],"version-history":[{"count":0,"href":"https:\/\/archive.sana.sy\/tr\/index.php?rest_route=\/wp\/v2\/posts\/93514\/revisions"}],"wp:featuredmedia":[{"embeddable":true,"href":"https:\/\/archive.sana.sy\/tr\/index.php?rest_route=\/wp\/v2\/media\/93515"}],"wp:attachment":[{"href":"https:\/\/archive.sana.sy\/tr\/index.php?rest_route=%2Fwp%2Fv2%2Fmedia&parent=93514"}],"wp:term":[{"taxonomy":"category","embeddable":true,"href":"https:\/\/archive.sana.sy\/tr\/index.php?rest_route=%2Fwp%2Fv2%2Fcategories&post=93514"},{"taxonomy":"post_tag","embeddable":true,"href":"https:\/\/archive.sana.sy\/tr\/index.php?rest_route=%2Fwp%2Fv2%2Ftags&post=93514"}],"curies":[{"name":"wp","href":"https:\/\/api.w.org\/{rel}","templated":true}]}}