{"id":93517,"date":"2016-11-02T10:00:02","date_gmt":"2016-11-02T08:00:02","guid":{"rendered":"http:\/\/www.sana.sy\/tr\/?p=93517"},"modified":"2016-11-03T17:28:59","modified_gmt":"2016-11-03T15:28:59","slug":"halepin-dogusunda-siviller-rehine-olarak-tutuluyor","status":"publish","type":"post","link":"https:\/\/archive.sana.sy\/tr\/?p=93517","title":{"rendered":"Halep\u2019in Do\u011fusunda Siviller Rehine Olarak Tutuluyor"},"content":{"rendered":"<p>AT\u0130NA \u2013 Rusya D\u0131\u015fi\u015fleri Bakan\u0131 Sergey Lavrov Rusya&#8217;n\u0131n hala ABD\u2019den sorumluluklar\u0131n\u0131 yerine getirmesi ve Suriye&#8217;de \u2018\u0131l\u0131ml\u0131 muhalifler\u2019 ad\u0131n\u0131 verdi\u011fi silahl\u0131 gruplar\u0131 ter\u00f6r \u00f6rg\u00fctlerden ay\u0131rmas\u0131n\u0131 bekledi\u011fini belirtti.<\/p>\n<p>Ba\u015fkent Atina\u2019da Yunanistan Cumhurba\u015fkan\u0131 Prokopis Pavlopulos ile g\u00f6r\u00fc\u015fmesinde Lavrov; \u2018Suriye&#8217;de \u00e7\u00f6z\u00fcme kat\u0131lmak isteyenlerin ter\u00f6r \u00f6rg\u00fctlerden ayr\u0131lmalar\u0131 gerekti\u011finin\u2019 bizzat ABD D\u0131\u015fi\u015fleri Bakan\u0131 John Kerry taraf\u0131ndan ifade edildi\u011fini hat\u0131rlatt\u0131.<\/p>\n<p>Halep\u2019in do\u011fu semtlerindeki ter\u00f6r \u00f6rg\u00fctleri konusunda ise Lavrov; Rusya ve ABD aras\u0131nda bu ba\u011flamda bir ittifak sa\u011flanmas\u0131na ra\u011fmen ABD\u2019nin bu ittifak kapsam\u0131nda \u00fcst\u00fcne d\u00fc\u015fen sorumluluklar\u0131 yerine getirmedi\u011fini ifade etti. Lavrov bu semtlerde bulunan Nusra Cephesi ve \u00e7at\u0131s\u0131 alt\u0131ndaki di\u011fer ter\u00f6r \u00f6rg\u00fctlerin masum sivil insanlar\u0131 rehine olarak tuttuklar\u0131na dikkat \u00e7ekti.<\/p>\n<p>BMGK\u2019nin Suriye konusundaki t\u00fcm kararlar\u0131n\u0131n hayata ge\u00e7irilmesi \u00e7a\u011fr\u0131s\u0131nda bulunan Lavrov; bu kararlar\u0131n uygulanm\u0131\u015f olmas\u0131 halinde durumlar\u0131n \u00e7ok daha farkl\u0131 olaca\u011f\u0131na dikkat \u00e7ekti.<\/p>\n","protected":false},"excerpt":{"rendered":"<p>AT\u0130NA \u2013 Rusya D\u0131\u015fi\u015fleri Bakan\u0131 Sergey Lavrov Rusya&#8217;n\u0131n hala ABD\u2019den sorumluluklar\u0131n\u0131 yerine getirmesi ve Suriye&#8217;de \u2018\u0131l\u0131ml\u0131 muhalifler\u2019 ad\u0131n\u0131 verdi\u011fi silahl\u0131 gruplar\u0131 ter\u00f6r \u00f6rg\u00fctlerden ay\u0131rmas\u0131n\u0131 bekledi\u011fini belirtti. Ba\u015fkent Atina\u2019da Yunanistan Cumhurba\u015fkan\u0131 Prokopis Pavlopulos ile g\u00f6r\u00fc\u015fmesinde Lavrov; \u2018Suriye&#8217;de \u00e7\u00f6z\u00fcme kat\u0131lmak isteyenlerin ter\u00f6r \u00f6rg\u00fctlerden ayr\u0131lmalar\u0131 gerekti\u011finin\u2019 bizzat ABD D\u0131\u015fi\u015fleri Bakan\u0131 John Kerry taraf\u0131ndan ifade edildi\u011fini hat\u0131rlatt\u0131. Halep\u2019in do\u011fu &hellip;<\/p>\n","protected":false},"author":1,"featured_media":93520,"comment_status":"closed","ping_status":"closed","sticky":false,"template":"","format":"standard","meta":{"footnotes":""},"categories":[458,459,17988],"tags":[25058,20897,25057,10651,23928,19174,22182],"class_list":["post-93517","post","type-post","status-publish","format-standard","has-post-thumbnail","","category-dunya1","category-haberler-arap-uluslararasi-politika","category-son-haberler","tag-atina","tag-bmgk","tag-halepin-dogusunda-siviller-rehine-olarak-tutuluyor","tag-rusya-disisleri-bakani-sergey-lavrov","tag-suriyede-cozum","tag-suriyede-son-durumlar","tag-suriyede-savas"],"_links":{"self":[{"href":"https:\/\/archive.sana.sy\/tr\/index.php?rest_route=\/wp\/v2\/posts\/93517","targetHints":{"allow":["GET"]}}],"collection":[{"href":"https:\/\/archive.sana.sy\/tr\/index.php?rest_route=\/wp\/v2\/posts"}],"about":[{"href":"https:\/\/archive.sana.sy\/tr\/index.php?rest_route=\/wp\/v2\/types\/post"}],"author":[{"embeddable":true,"href":"https:\/\/archive.sana.sy\/tr\/index.php?rest_route=\/wp\/v2\/users\/1"}],"replies":[{"embeddable":true,"href":"https:\/\/archive.sana.sy\/tr\/index.php?rest_route=%2Fwp%2Fv2%2Fcomments&post=93517"}],"version-history":[{"count":0,"href":"https:\/\/archive.sana.sy\/tr\/index.php?rest_route=\/wp\/v2\/posts\/93517\/revisions"}],"wp:featuredmedia":[{"embeddable":true,"href":"https:\/\/archive.sana.sy\/tr\/index.php?rest_route=\/wp\/v2\/media\/93520"}],"wp:attachment":[{"href":"https:\/\/archive.sana.sy\/tr\/index.php?rest_route=%2Fwp%2Fv2%2Fmedia&parent=93517"}],"wp:term":[{"taxonomy":"category","embeddable":true,"href":"https:\/\/archive.sana.sy\/tr\/index.php?rest_route=%2Fwp%2Fv2%2Fcategories&post=93517"},{"taxonomy":"post_tag","embeddable":true,"href":"https:\/\/archive.sana.sy\/tr\/index.php?rest_route=%2Fwp%2Fv2%2Ftags&post=93517"}],"curies":[{"name":"wp","href":"https:\/\/api.w.org\/{rel}","templated":true}]}}