{"id":93519,"date":"2016-11-02T09:07:43","date_gmt":"2016-11-02T07:07:43","guid":{"rendered":"http:\/\/www.sana.sy\/tr\/?p=93519"},"modified":"2016-11-02T13:35:39","modified_gmt":"2016-11-02T11:35:39","slug":"baskent-atinada-yunanistan-cumhurbaskani-prokopis-pavlopulos-ile-gorusmesinde-lavrov-suriyede-cozume-katilmak-isteyenlerin-teror-orgutlerden-ayrilmalari-gerektiginin-bizz","status":"publish","type":"post","link":"https:\/\/archive.sana.sy\/tr\/?p=93519","title":{"rendered":"Ba\u015fkent Atina\u2019da Yunanistan Cumhurba\u015fkan\u0131 Prokopis Pavlopulos ile g\u00f6r\u00fc\u015fmesinde Lavrov; \u2018Suriye&#8217;de \u00e7\u00f6z\u00fcme kat\u0131lmak isteyenlerin ter\u00f6r \u00f6rg\u00fctlerden ayr\u0131lmalar\u0131 gerekti\u011finin\u2019 bizzat ABD D\u0131\u015fi\u015fleri Bakan\u0131 John Kerry taraf\u0131ndan ifade edildi\u011fini hat\u0131rlatt\u0131"},"content":{"rendered":"<p>Ba\u015fkent Atina\u2019da Yunanistan Cumhurba\u015fkan\u0131 Prokopis Pavlopulos ile g\u00f6r\u00fc\u015fmesinde Lavrov; \u2018Suriye&#8217;de \u00e7\u00f6z\u00fcme kat\u0131lmak isteyenlerin ter\u00f6r \u00f6rg\u00fctlerden ayr\u0131lmalar\u0131 gerekti\u011finin\u2019 bizzat ABD D\u0131\u015fi\u015fleri Bakan\u0131 John Kerry taraf\u0131ndan ifade edildi\u011fini hat\u0131rlatt\u0131<\/p>\n","protected":false},"excerpt":{"rendered":"<p>Ba\u015fkent Atina\u2019da Yunanistan Cumhurba\u015fkan\u0131 Prokopis Pavlopulos ile g\u00f6r\u00fc\u015fmesinde Lavrov; \u2018Suriye&#8217;de \u00e7\u00f6z\u00fcme kat\u0131lmak isteyenlerin ter\u00f6r \u00f6rg\u00fctlerden ayr\u0131lmalar\u0131 gerekti\u011finin\u2019 bizzat ABD D\u0131\u015fi\u015fleri Bakan\u0131 John Kerry taraf\u0131ndan ifade edildi\u011fini hat\u0131rlatt\u0131<\/p>\n","protected":false},"author":1,"featured_media":0,"comment_status":"closed","ping_status":"closed","sticky":false,"template":"","format":"standard","meta":{"footnotes":""},"categories":[17991],"tags":[],"class_list":["post-93519","post","type-post","status-publish","format-standard","","category-son-dakika"],"_links":{"self":[{"href":"https:\/\/archive.sana.sy\/tr\/index.php?rest_route=\/wp\/v2\/posts\/93519","targetHints":{"allow":["GET"]}}],"collection":[{"href":"https:\/\/archive.sana.sy\/tr\/index.php?rest_route=\/wp\/v2\/posts"}],"about":[{"href":"https:\/\/archive.sana.sy\/tr\/index.php?rest_route=\/wp\/v2\/types\/post"}],"author":[{"embeddable":true,"href":"https:\/\/archive.sana.sy\/tr\/index.php?rest_route=\/wp\/v2\/users\/1"}],"replies":[{"embeddable":true,"href":"https:\/\/archive.sana.sy\/tr\/index.php?rest_route=%2Fwp%2Fv2%2Fcomments&post=93519"}],"version-history":[{"count":0,"href":"https:\/\/archive.sana.sy\/tr\/index.php?rest_route=\/wp\/v2\/posts\/93519\/revisions"}],"wp:attachment":[{"href":"https:\/\/archive.sana.sy\/tr\/index.php?rest_route=%2Fwp%2Fv2%2Fmedia&parent=93519"}],"wp:term":[{"taxonomy":"category","embeddable":true,"href":"https:\/\/archive.sana.sy\/tr\/index.php?rest_route=%2Fwp%2Fv2%2Fcategories&post=93519"},{"taxonomy":"post_tag","embeddable":true,"href":"https:\/\/archive.sana.sy\/tr\/index.php?rest_route=%2Fwp%2Fv2%2Ftags&post=93519"}],"curies":[{"name":"wp","href":"https:\/\/api.w.org\/{rel}","templated":true}]}}